{"id":39112,"date":"2021-11-18T15:49:36","date_gmt":"2021-11-18T18:49:36","guid":{"rendered":"http:\/\/www.centraldenoticias.com.ar\/?p=39112"},"modified":"2021-11-18T17:23:09","modified_gmt":"2021-11-18T20:23:09","slug":"el-frente-de-todos-pedira-un-informe-sobre-la-contaminacion-del-arroyo-tapalque","status":"publish","type":"post","link":"https:\/\/cdnoticias.com\/index.php\/2021\/11\/18\/el-frente-de-todos-pedira-un-informe-sobre-la-contaminacion-del-arroyo-tapalque\/","title":{"rendered":"El Frente de Todos pedir\u00e1 un informe sobre la contaminaci\u00f3n del arroyo Tapalqu\u00e9"},"content":{"rendered":"<p>Definieron como \u201cgrave\u201d la falta del Municipio por no controlar la concesi\u00f3n.<!--more--><\/p>\n<hr \/>\n<p>Desde el<strong> interbloque del Frente de Todos se presentar\u00e1 un pedido de informes al Concejo Deliberante<\/strong> y tambi\u00e9n recurrir\u00e1n a la <strong>Defensor\u00eda del Pueblo de la Provincia<\/strong> para esclarecer la situaci\u00f3n que trascedi\u00f3 luego de que en las \u00faltimas horas se <strong>difundieran videos que muestran\u00a0c\u00f3mo se tiran residuos contaminantes en el arroyo Tapalqu\u00e9.\u00a0<\/strong><\/p>\n<p>&nbsp;<\/p>\n<p>&#8220;En el d\u00eda de ayer en varios medios locales circul\u00f3 un comunicado donde desde la<strong> empresa concesionaria del servicio de recolecci\u00f3n de residuos, &#8216;Transporte Malvinas SRL&#8217;<\/strong>\u00a0se informaba que <strong>detectaron &#8216;canalizaciones para derivar l\u00edquidos lixiviados de la celda en servicio hacia el exterior de la misma&#8217;<\/strong>\u00a0y en el cual <strong>la empresa responsabilizaba a los trabajadores por dicha acci\u00f3n.<\/strong>&#8221; se indic\u00f3.<\/p>\n<p>&nbsp;<\/p>\n<p>Posteriormente, ante el avance del conflicto,<strong> los trabajadores de la empresa Malvinas se presentaron ante el Ministerio de Trabajo para \u201cdenunciar el despido de al menos un empleado de la empresa<\/strong> tras ser acusado de ser el instigador de una obra para canalizar l\u00edquidos lixiviados &#8211;<strong>residuos contaminantes<\/strong>&#8211; fuera del relleno sanitario hasta ser<strong> vertidos en el arroyo Tapalqu\u00e9\u201d<\/strong>. Adem\u00e1s, los trabajadores sostuvieron en declaraciones p\u00fablicas: \u201c<strong>Dicen que nosotros tiramos lixiviados al arroyo y todo esto es mentira porque viene de a\u00f1os.<\/strong> <strong>La empresa siempre lo estuvo haciendo, lo estuvo tirando y nosotros tenemos la informaci\u00f3n y los v\u00eddeos para mostrarlo\u201d.<\/strong><\/p>\n<p>&nbsp;<\/p>\n<p>&#8220;Cabe destacar que <strong>se trata de un conflicto de gravedad debido a la contaminaci\u00f3n y el impacto ambiental negativo<\/strong> que genera que los l\u00edquidos lixiviados lleguen a las aguas del arroyo Tapalqu\u00e9, adem\u00e1s de la <strong>contaminaci\u00f3n<\/strong> que producen al alcanzar el suelo, las napas y el cauce general del arroyo.&#8221; se expres\u00f3.<\/p>\n<p>&nbsp;<\/p>\n<p>Por tal motivo, desde el<strong> Frente de Todos<\/strong> indicaron que \u201c<strong>Presentaremos un pedido de informes que esperamos que el ejecutivo responda de manera urgente<\/strong> y <strong>recurriremos a la Defensor\u00eda del Pueblo<\/strong> bonaerense para conocer el hecho que reviste una gravedad inusitada<strong>, nos parece qu\u00e9 hay responsabilidad compartida entre la empresa y el Municipio por la falta de control<\/strong>. El <strong>lixiviado<\/strong> es generalmente un <strong>l\u00edquido de color oscuro,<\/strong> con fuerte olor que presentan <strong>altos contaminantes y pueden ocasionar graves problemas a la salud de la poblaci\u00f3n\u201d<\/strong>.<\/p>\n<p>&nbsp;<\/p>\n<p>Adem\u00e1s agregaron \u201cDesde nuestro espacio pol\u00edtico manifestamos la <strong>preocupaci\u00f3n por estos hechos y solicitamos a las autoridades municipales que intervengan<\/strong> e informen a la poblaci\u00f3n para esclarecer esta situaci\u00f3n que<strong> afecta a la salud de todos los y las olavarrienses.<\/strong> Esto no es solo un conflicto interno de la empresa, sino que<strong> el Municipio debe tambi\u00e9n dar respuestas<\/strong> antes esta grave falta de la empresa que tiene actualmente la concesi\u00f3n de los residuos urbanos municipales\u201d.<\/p>\n<p>&nbsp;<\/p>\n<p>Por \u00faltimo destacaron: \u201cNos parece pertinente<strong> traer al debate el proyecto presentado por Mart\u00edn Lastape<\/strong>, que fue<strong> aprobado en el Concejo<\/strong> y <strong>vetado<\/strong> d\u00edas m\u00e1s tarde<strong> por el Intendente Ezequiel Galli<\/strong> que buscaba <strong>crear un organismo para controlar las empresas que prestan servicios p\u00fablicos<\/strong> en el Partido de Olavarr\u00eda. Esta herramienta hubiera sido fundamental para evitar hechos como este y tener m\u00e1s transparencia\u201d.<\/p>\n","protected":false},"excerpt":{"rendered":"<p>Definieron como \u201cgrave\u201d la falta del Municipio por no controlar la concesi\u00f3n.<\/p>\n","protected":false},"author":6,"featured_media":39113,"comment_status":"closed","ping_status":"closed","sticky":false,"template":"","format":"standard","meta":{"_jetpack_memberships_contains_paid_content":false,"footnotes":""},"categories":[4,1],"tags":[],"class_list":["post-39112","post","type-post","status-publish","format-standard","has-post-thumbnail","hentry","category-politica","category-portada"],"jetpack_featured_media_url":"https:\/\/i0.wp.com\/cdnoticias.com\/wp-content\/uploads\/2021\/11\/WhatsApp-Image-2021-11-18-at-14.09.32.jpeg?fit=1280%2C766&ssl=1","jetpack_sharing_enabled":true,"_links":{"self":[{"href":"https:\/\/cdnoticias.com\/index.php\/wp-json\/wp\/v2\/posts\/39112","targetHints":{"allow":["GET"]}}],"collection":[{"href":"https:\/\/cdnoticias.com\/index.php\/wp-json\/wp\/v2\/posts"}],"about":[{"href":"https:\/\/cdnoticias.com\/index.php\/wp-json\/wp\/v2\/types\/post"}],"author":[{"embeddable":true,"href":"https:\/\/cdnoticias.com\/index.php\/wp-json\/wp\/v2\/users\/6"}],"replies":[{"embeddable":true,"href":"https:\/\/cdnoticias.com\/index.php\/wp-json\/wp\/v2\/comments?post=39112"}],"version-history":[{"count":0,"href":"https:\/\/cdnoticias.com\/index.php\/wp-json\/wp\/v2\/posts\/39112\/revisions"}],"wp:featuredmedia":[{"embeddable":true,"href":"https:\/\/cdnoticias.com\/index.php\/wp-json\/wp\/v2\/media\/39113"}],"wp:attachment":[{"href":"https:\/\/cdnoticias.com\/index.php\/wp-json\/wp\/v2\/media?parent=39112"}],"wp:term":[{"taxonomy":"category","embeddable":true,"href":"https:\/\/cdnoticias.com\/index.php\/wp-json\/wp\/v2\/categories?post=39112"},{"taxonomy":"post_tag","embeddable":true,"href":"https:\/\/cdnoticias.com\/index.php\/wp-json\/wp\/v2\/tags?post=39112"}],"curies":[{"name":"wp","href":"https:\/\/api.w.org\/{rel}","templated":true}]}}