{"id":39101,"date":"2021-11-18T13:47:09","date_gmt":"2021-11-18T16:47:09","guid":{"rendered":"http:\/\/www.centraldenoticias.com.ar\/?p=39101"},"modified":"2021-11-18T16:26:03","modified_gmt":"2021-11-18T19:26:03","slug":"axel-kicillof-destaco-el-resultado-electoral-de-la-septima","status":"publish","type":"post","link":"https:\/\/cdnoticias.com\/index.php\/2021\/11\/18\/axel-kicillof-destaco-el-resultado-electoral-de-la-septima\/","title":{"rendered":"Axel Kicillof destac\u00f3 el resultado electoral de la S\u00e9ptima"},"content":{"rendered":"<p>Se refiri\u00f3 a la nueva composici\u00f3n del Senado provincial. \u201cLas elecciones nos dieron energ\u00eda para seguir por el camino de la reconstrucci\u00f3n\u201d defini\u00f3 el mandatario al afirma que el Frente de Todos logr\u00f3 \u201cuna remontada importante\u201d. Afirm\u00f3 que las \u201cexpectativas\u201d en Juntos por el Cambio (JxC) \u201cse vieron defraudadas\u201d.<!--more--><\/p>\n<hr \/>\n<p><strong>El gobernador bonaerense, Axel Kicillof, afirm\u00f3 este jueves que el resultado de las elecciones del domingo pasado le otorga al Frente de Todos (FdT) una \u201cenerg\u00eda para seguir por el camino de reconstrucci\u00f3n y transformaci\u00f3n en esta segunda etapa\u201d de gesti\u00f3n<\/strong>, y opin\u00f3 que las \u201cexpectativas\u201d en Juntos por el Cambio (JxC) \u201cse vieron defraudadas\u201d y \u201cpor eso hay mucho pase de factura entre ellos\u201d.<\/p>\n<p>&nbsp;<\/p>\n<p>\u201c<strong>Conseguimos una remontada importante<\/strong>. Ahora, tenemos que salir adelante con el trabajo inmenso que haremos sin descanso\u201d, dijo el mandatario en declaraciones a Radio 10.<\/p>\n<p>&nbsp;<\/p>\n<p>El gobernador <strong>analiz\u00f3 que Juntos \u201cten\u00eda previsto ensanchar la diferencia\u201d<\/strong> obtenida en las elecciones primarias del 12 de septiembre, por lo que \u201chablaban de diez puntos de diferencia y como no se cumpli\u00f3 lo que esperaron y vaticinaron, tienen tanto l\u00edo\u201d.\u00a0<strong>\u201cFallaron en su estrategia electoral<\/strong>: cu\u00e1les eran los referentes que ten\u00edan que dar la cara o si falt\u00f3 m\u00e1s o menos derecha, y no pudieron generar m\u00e1s distancia\u201d, continu\u00f3 Kicillof.<\/p>\n<p>&nbsp;<\/p>\n<p><img data-recalc-dims=\"1\" loading=\"lazy\" decoding=\"async\" class=\"size-full wp-image-39104 aligncenter\" src=\"https:\/\/i0.wp.com\/cdnoticias.com\/wp-content\/uploads\/2021\/11\/kicillof-voto-elecciones-00.jpg?resize=800%2C445&#038;ssl=1\" alt=\"\" width=\"800\" height=\"445\" srcset=\"https:\/\/i0.wp.com\/cdnoticias.com\/wp-content\/uploads\/2021\/11\/kicillof-voto-elecciones-00.jpg?w=800&amp;ssl=1 800w, https:\/\/i0.wp.com\/cdnoticias.com\/wp-content\/uploads\/2021\/11\/kicillof-voto-elecciones-00.jpg?resize=300%2C167&amp;ssl=1 300w, https:\/\/i0.wp.com\/cdnoticias.com\/wp-content\/uploads\/2021\/11\/kicillof-voto-elecciones-00.jpg?resize=768%2C427&amp;ssl=1 768w\" sizes=\"auto, (max-width: 800px) 100vw, 800px\" \/><\/p>\n<p>&nbsp;<\/p>\n<p><strong>Critic\u00f3 luego que la exgobernadora Mar\u00eda Eugenia Vidal<\/strong> haya dicho en campa\u00f1a que JxC deseaba \u201ctomar el manejo de las C\u00e1maras\u201d y el exmandatario Mauricio Macri haya hablado de \u201ciniciar una transici\u00f3n ordenada\u201d.<\/p>\n<p>&nbsp;<\/p>\n<blockquote><p>\u201cSus expectativas se vieron defraudadas, por eso hay mucho pase de factura entre ellos. En cambio, nosotros fuimos muy prudentes y trabajamos muy intensamente porque el tema no era remontar una elecci\u00f3n sino los 6 a\u00f1os de crisis acumulados, cuatro de macrismo y dos de pandemia\u201d de coronavirus, remarc\u00f3.<\/p><\/blockquote>\n<p>&nbsp;<\/p>\n<p><strong>Empate y recuperaci\u00f3n<\/strong><\/p>\n<p>&nbsp;<\/p>\n<p>El mandatario <strong>ponder\u00f3 que la diferencia en la provincia de Buenos Aires haya sido de apenas 1,20% en favor de Juntos<\/strong>, y remarc\u00f3 que \u201cdesde el punto de vista de los legisladores, en Diputados hubo un empate y en el Senado se recuperaron tres bancas\u201d.<\/p>\n<p>&nbsp;<\/p>\n<p><img data-recalc-dims=\"1\" loading=\"lazy\" decoding=\"async\" class=\"size-full wp-image-39103 aligncenter\" src=\"https:\/\/i0.wp.com\/cdnoticias.com\/wp-content\/uploads\/2021\/11\/DIB-kicillof-fernandez-d%C3%ADa-de-la-militancia.jpg?resize=696%2C464&#038;ssl=1\" alt=\"\" width=\"696\" height=\"464\" srcset=\"https:\/\/i0.wp.com\/cdnoticias.com\/wp-content\/uploads\/2021\/11\/DIB-kicillof-fernandez-d%C3%ADa-de-la-militancia.jpg?w=696&amp;ssl=1 696w, https:\/\/i0.wp.com\/cdnoticias.com\/wp-content\/uploads\/2021\/11\/DIB-kicillof-fernandez-d%C3%ADa-de-la-militancia.jpg?resize=300%2C200&amp;ssl=1 300w, https:\/\/i0.wp.com\/cdnoticias.com\/wp-content\/uploads\/2021\/11\/DIB-kicillof-fernandez-d%C3%ADa-de-la-militancia.jpg?resize=272%2C182&amp;ssl=1 272w\" sizes=\"auto, (max-width: 696px) 100vw, 696px\" \/><\/p>\n<p>&nbsp;<\/p>\n<p>\u201cEn el Senado hab\u00eda 26 legisladores de Juntos y 20 del FdT, y hoy quedamos 23 a 23. Es una situaci\u00f3n mucho m\u00e1s favorable que la que ten\u00edamos al inicio de la gesti\u00f3n. <strong>Hay motivos para festejar\u201d, complet\u00f3 el gobernador<\/strong>, en l\u00ednea con declaraciones del martes pasado del jefe de asesores, Carlos Bianco.<\/p>\n<p>&nbsp;<\/p>\n<blockquote><p>En ese marco, Kicillof reflexion\u00f3 que \u201cla recuperaci\u00f3n de senadores tuvo que ver con el trabajo que se hizo en la Primera secci\u00f3n, Cuarta y S\u00e9ptima, donde hubo un inmenso esfuerzo de los candidatos y de los intendentes\u201d<\/p><\/blockquote>\n<p>&nbsp;<\/p>\n<p>A\u00f1adi\u00f3: \u201cLa clave fue que <strong>Naci\u00f3n, la Provincia y los municipios de esas secciones actuaron articuladamente con medidas<\/strong> que llegaron a la gente\u201d.\u00a0Afirm\u00f3 que desde ahora, \u201cel camino es no s\u00f3lo volver a antes de la pandemia, <strong>este a\u00f1o creceremos 9 puntos<\/strong>, sino que ese beneficio en lo macro llegue a todos los sectores\u201d.<\/p>\n<p>&nbsp;<\/p>\n<p><img data-recalc-dims=\"1\" loading=\"lazy\" decoding=\"async\" class=\"size-large wp-image-35454 aligncenter\" src=\"https:\/\/i0.wp.com\/cdnoticias.com\/wp-content\/uploads\/2021\/10\/cronica-kicillof-olavarria1.jpg?resize=800%2C445&#038;ssl=1\" alt=\"\" width=\"800\" height=\"445\" srcset=\"https:\/\/i0.wp.com\/cdnoticias.com\/wp-content\/uploads\/2021\/10\/cronica-kicillof-olavarria1.jpg?resize=1024%2C570&amp;ssl=1 1024w, https:\/\/i0.wp.com\/cdnoticias.com\/wp-content\/uploads\/2021\/10\/cronica-kicillof-olavarria1.jpg?resize=300%2C167&amp;ssl=1 300w, https:\/\/i0.wp.com\/cdnoticias.com\/wp-content\/uploads\/2021\/10\/cronica-kicillof-olavarria1.jpg?resize=768%2C427&amp;ssl=1 768w, https:\/\/i0.wp.com\/cdnoticias.com\/wp-content\/uploads\/2021\/10\/cronica-kicillof-olavarria1.jpg?resize=800%2C445&amp;ssl=1 800w, https:\/\/i0.wp.com\/cdnoticias.com\/wp-content\/uploads\/2021\/10\/cronica-kicillof-olavarria1.jpg?w=1600&amp;ssl=1 1600w, https:\/\/i0.wp.com\/cdnoticias.com\/wp-content\/uploads\/2021\/10\/cronica-kicillof-olavarria1.jpg?w=2400&amp;ssl=1 2400w\" sizes=\"auto, (max-width: 800px) 100vw, 800px\" \/><\/p>\n<p>&nbsp;<\/p>\n<p><strong>Cena en Olivos<\/strong><\/p>\n<p>&nbsp;<\/p>\n<p>Kicillof cont\u00f3 que <strong>tras celebrar el D\u00eda de la Militancia en Plaza de May<\/strong>o, ayer particip\u00f3 de la cena que se llev\u00f3 a cabo en la Residencia presidencial de Olivos con el presidente Alberto Fern\u00e1ndez e intendentes bonaerenses.<\/p>\n<p>&nbsp;<\/p>\n<p>El mandatario detall\u00f3 que <strong>en ese encuentro se analiz\u00f3 el resultado electoral<\/strong> y se habl\u00f3 \u201cde seguir potenciando la obra p\u00fablica, seguir trabajando en el interior de la provincia con parques industriales, obras, rutas y universidades\u201d.<\/p>\n<p>&nbsp;<\/p>\n<blockquote><p>\u201cHay dos modelos de pa\u00eds: nosotros creemos en un Estado presente que tambi\u00e9n impulse y, del otro lado est\u00e1n los que endeudaron, ajustaron, redujeron salarios y quitaron derechos\u201d, opin\u00f3 e indic\u00f3 que \u201ccon ese modelo no hay recuperaci\u00f3n, no mejoran las condiciones de vida\u201d.<\/p><\/blockquote>\n<p>&nbsp;<\/p>\n<blockquote class=\"twitter-tweet\">\n<p dir=\"ltr\" lang=\"es\">Hoy volvimos a encontrarnos en la Plaza de Mayo.<\/p>\n<p>Sigamos construyendo una Argentina y una Provincia para todos y todas. La nueva etapa de reconstrucci\u00f3n es con solidaridad, convicci\u00f3n y militancia.<\/p>\n<p>\u00a1Feliz d\u00eda de la militancia! <a href=\"https:\/\/t.co\/Wbvw9t8aMt\">pic.twitter.com\/Wbvw9t8aMt<\/a><\/p>\n<p>\u2014 Axel Kicillof (@Kicillofok) <a href=\"https:\/\/twitter.com\/Kicillofok\/status\/1461089918197940229?ref_src=twsrc%5Etfw\">November 17, 2021<\/a><\/p><\/blockquote>\n<p><script async src=\"https:\/\/platform.twitter.com\/widgets.js\" charset=\"utf-8\"><\/script><\/p>\n<p>En ese contexto, resalt\u00f3 que lanzar\u00e1 <strong>\u201cuna serie de planes para acelerar y profundizar la reconstrucci\u00f3n\u201d<\/strong> para los dos a\u00f1os de mandato que restan.<\/p>\n<p>&nbsp;<\/p>\n<p>\u201cTuvimos que dedicarnos a la pandemia, pero ahora <strong>ser\u00e1n dos a\u00f1os intensos porque la situaci\u00f3n social est\u00e1 muy mal<\/strong> y hay que hacer todo lo que se pueda para que eso mejore lo m\u00e1s r\u00e1pido posible\u201d, manifest\u00f3 Kicillof.<\/p>\n<p>&nbsp;<\/p>\n<p>Fuente: <em>Agencia DIB<\/em><\/p>\n","protected":false},"excerpt":{"rendered":"<p>Se refiri\u00f3 a la nueva composici\u00f3n del Senado provincial. \u201cLas elecciones nos dieron energ\u00eda para seguir por el camino de<\/p>\n","protected":false},"author":4,"featured_media":39108,"comment_status":"closed","ping_status":"closed","sticky":false,"template":"","format":"standard","meta":{"_jetpack_memberships_contains_paid_content":false,"footnotes":""},"categories":[17],"tags":[],"class_list":["post-39101","post","type-post","status-publish","format-standard","has-post-thumbnail","hentry","category-elecciones-2021"],"jetpack_featured_media_url":"https:\/\/i0.wp.com\/cdnoticias.com\/wp-content\/uploads\/2021\/11\/kicillof-bali-bucca2.jpg?fit=1024%2C565&ssl=1","jetpack_sharing_enabled":true,"_links":{"self":[{"href":"https:\/\/cdnoticias.com\/index.php\/wp-json\/wp\/v2\/posts\/39101","targetHints":{"allow":["GET"]}}],"collection":[{"href":"https:\/\/cdnoticias.com\/index.php\/wp-json\/wp\/v2\/posts"}],"about":[{"href":"https:\/\/cdnoticias.com\/index.php\/wp-json\/wp\/v2\/types\/post"}],"author":[{"embeddable":true,"href":"https:\/\/cdnoticias.com\/index.php\/wp-json\/wp\/v2\/users\/4"}],"replies":[{"embeddable":true,"href":"https:\/\/cdnoticias.com\/index.php\/wp-json\/wp\/v2\/comments?post=39101"}],"version-history":[{"count":0,"href":"https:\/\/cdnoticias.com\/index.php\/wp-json\/wp\/v2\/posts\/39101\/revisions"}],"wp:featuredmedia":[{"embeddable":true,"href":"https:\/\/cdnoticias.com\/index.php\/wp-json\/wp\/v2\/media\/39108"}],"wp:attachment":[{"href":"https:\/\/cdnoticias.com\/index.php\/wp-json\/wp\/v2\/media?parent=39101"}],"wp:term":[{"taxonomy":"category","embeddable":true,"href":"https:\/\/cdnoticias.com\/index.php\/wp-json\/wp\/v2\/categories?post=39101"},{"taxonomy":"post_tag","embeddable":true,"href":"https:\/\/cdnoticias.com\/index.php\/wp-json\/wp\/v2\/tags?post=39101"}],"curies":[{"name":"wp","href":"https:\/\/api.w.org\/{rel}","templated":true}]}}