{"id":39068,"date":"2021-11-18T10:12:34","date_gmt":"2021-11-18T13:12:34","guid":{"rendered":"http:\/\/www.centraldenoticias.com.ar\/?p=39068"},"modified":"2021-11-18T10:12:34","modified_gmt":"2021-11-18T13:12:34","slug":"este-jueves-nueva-reunion-de-la-asamblea-feminista-y-disidente-de-olavarria","status":"publish","type":"post","link":"https:\/\/cdnoticias.com\/index.php\/2021\/11\/18\/este-jueves-nueva-reunion-de-la-asamblea-feminista-y-disidente-de-olavarria\/","title":{"rendered":"Este jueves, nueva reuni\u00f3n de la Asamblea Feminista y Disidente de Olavarr\u00eda"},"content":{"rendered":"<p>Ser\u00e1 desde las 18 en Necochea y Brown. Se organizan actividades para el D\u00eda Internacional de la Eliminaci\u00f3n de las Violencias Machistas.<\/p>\n<p><!--more--><\/p>\n<hr \/>\n<p>Este jueves se realizar\u00e1 una <strong>nueva reuni\u00f3n de la Asamblea Feminista y Disidente de Olavarr\u00eda<\/strong>. Se trata de un encuentro abierto a todas las personas interesadas en asistir.<\/p>\n<p>&nbsp;<\/p>\n<p>Comenzar\u00e1 <strong>desde las 18 en el Parque Mitre, en Necochea y Brown<\/strong>.<\/p>\n<p>&nbsp;<\/p>\n<p>Se organizan actividades para el <strong>D\u00eda Internacional de la Eliminaci\u00f3n de las Violencias Machistas<\/strong> a conmemorarse el jueves pr\u00f3ximo.<\/p>\n<p>&nbsp;<\/p>\n<p>La actividad hab\u00eda sido convocada d\u00edas pasados, pero <a href=\"https:\/\/cdnoticias.com\/index.php\/2021\/11\/16\/por-el-mal-tiempo-se-suspendio-el-encuentro-feminista\/\" target=\"_blank\" rel=\"noopener\">fue suspendida debido a las malas condiciones clim\u00e1ticas<\/a>.<\/p>\n","protected":false},"excerpt":{"rendered":"<p>Ser\u00e1 desde las 18 en Necochea y Brown. Se organizan actividades para el D\u00eda Internacional de la Eliminaci\u00f3n de las<\/p>\n","protected":false},"author":4,"featured_media":39069,"comment_status":"closed","ping_status":"closed","sticky":false,"template":"","format":"standard","meta":{"_jetpack_memberships_contains_paid_content":false,"footnotes":""},"categories":[3,1],"tags":[],"class_list":["post-39068","post","type-post","status-publish","format-standard","has-post-thumbnail","hentry","category-genero","category-portada"],"jetpack_featured_media_url":"https:\/\/i0.wp.com\/cdnoticias.com\/wp-content\/uploads\/2021\/11\/asamblea-feminista1.jpg?fit=1030%2C574&ssl=1","jetpack_sharing_enabled":true,"_links":{"self":[{"href":"https:\/\/cdnoticias.com\/index.php\/wp-json\/wp\/v2\/posts\/39068","targetHints":{"allow":["GET"]}}],"collection":[{"href":"https:\/\/cdnoticias.com\/index.php\/wp-json\/wp\/v2\/posts"}],"about":[{"href":"https:\/\/cdnoticias.com\/index.php\/wp-json\/wp\/v2\/types\/post"}],"author":[{"embeddable":true,"href":"https:\/\/cdnoticias.com\/index.php\/wp-json\/wp\/v2\/users\/4"}],"replies":[{"embeddable":true,"href":"https:\/\/cdnoticias.com\/index.php\/wp-json\/wp\/v2\/comments?post=39068"}],"version-history":[{"count":0,"href":"https:\/\/cdnoticias.com\/index.php\/wp-json\/wp\/v2\/posts\/39068\/revisions"}],"wp:featuredmedia":[{"embeddable":true,"href":"https:\/\/cdnoticias.com\/index.php\/wp-json\/wp\/v2\/media\/39069"}],"wp:attachment":[{"href":"https:\/\/cdnoticias.com\/index.php\/wp-json\/wp\/v2\/media?parent=39068"}],"wp:term":[{"taxonomy":"category","embeddable":true,"href":"https:\/\/cdnoticias.com\/index.php\/wp-json\/wp\/v2\/categories?post=39068"},{"taxonomy":"post_tag","embeddable":true,"href":"https:\/\/cdnoticias.com\/index.php\/wp-json\/wp\/v2\/tags?post=39068"}],"curies":[{"name":"wp","href":"https:\/\/api.w.org\/{rel}","templated":true}]}}