{"id":39066,"date":"2021-11-18T11:09:47","date_gmt":"2021-11-18T14:09:47","guid":{"rendered":"http:\/\/www.centraldenoticias.com.ar\/?p=39066"},"modified":"2021-11-18T12:45:03","modified_gmt":"2021-11-18T15:45:03","slug":"cooperativas-electricas-piden-ajuste-tarifario-y-alertan-sobre-posible-colapso","status":"publish","type":"post","link":"https:\/\/cdnoticias.com\/index.php\/2021\/11\/18\/cooperativas-electricas-piden-ajuste-tarifario-y-alertan-sobre-posible-colapso\/","title":{"rendered":"Cooperativas el\u00e9ctricas piden ajuste tarifario y alertan sobre posible \u201ccolapso\u201d"},"content":{"rendered":"<p>La Federaci\u00f3n Argentina de Cooperativas de Electricidad y Otros Servicios P\u00fablicos (FACE), que nuclea a alrededor de 50 distribuidoras bonaerenses, emiti\u00f3 un duro comunicado en el que apunta contra Naci\u00f3n y Provincia.<!--more--><\/p>\n<hr \/>\n<p><strong>Representantes de la Federaci\u00f3n Argentina de Cooperativas de Electricidad y Otros Servicios P\u00fablicos (FACE)<\/strong> emitieron un comunicado en el que<strong> pidieron ajustar las tarifas en la provincia de Buenos Aires para cubrir \u201clos costos\u201d<\/strong> y advirtieron que <strong>hay una crisis que \u201cpuede llevar al colapso del sistema de energ\u00eda el\u00e9ctrica\u201d<\/strong>.<\/p>\n<p>&nbsp;<\/p>\n<blockquote><p>\u201cManifestamos que los Estados Nacional y de la Provincia de Buenos Aires no est\u00e1n cumpliendo lo que por Ley se ha establecido\u201d, se\u00f1alaron desde la organizaci\u00f3n en un duro comunicado.<\/p><\/blockquote>\n<p>&nbsp;<\/p>\n<p>Desde FACE indicaron que \u201cla Ley 11.769 no se cumple en cuanto a qu\u00e9 <strong>la tarifa por el servicio p\u00fablico de energ\u00eda el\u00e9ctrica debe ser justa<\/strong>, que permita cubrir los costos y tener un margen razonable para realizar inversiones\u201d.<\/p>\n<p>&nbsp;<\/p>\n<p>\u201cLa provincia de Buenos Aires ha otorgado un incremento tarifario del 7% en el per\u00edodo marzo de 2021 pero la misma se encontraba congelada de insuficiente desde febrero de 2019\u201d, cuestionaron desde la Federaci\u00f3n. <strong>\u201cEntre este \u00faltimo per\u00edodo y la fecha, la inflaci\u00f3n, seg\u00fan el Indec, ha superado el 160%\u201d<\/strong>, se\u00f1alaron.<\/p>\n<p>&nbsp;<\/p>\n<p>Y agregaron que a eso \u201cdebe sumarse el \u00faltimo <strong>incremento salarial pactado con la Federaci\u00f3n Argentina de Trabajadores de Luz y Fuerza<\/strong> del 50% para el per\u00edodo entre marzo de 2021 y febrero de 2022\u201d.<\/p>\n<p>&nbsp;<\/p>\n<p>La FACE tambi\u00e9n sostuvo que<strong> se est\u00e1 incumpliendo un otorgamiento de cr\u00e9ditos<\/strong>, dispuesto en el art\u00edculo 87 de la ley de Presupuesto Nacional 2020, para distribuidoras de energ\u00eda el\u00e9ctrica desendeudadas que no son agentes del Mercado El\u00e9ctrico Mayorista.<\/p>\n<p>&nbsp;<\/p>\n<blockquote><p>Adem\u00e1s, apuntaron contra el gobernador bonaerense Axel Kicillof al se\u00f1alar que \u201c<a href=\"https:\/\/cdnoticias.com\/index.php\/2021\/08\/27\/cooperativas-bonaerenses-recibiran-un-subsidio-para-garantizar-inversiones-y-la-calidad-del-servicio\/\" target=\"_blank\" rel=\"noopener\">anunci\u00f3 en el mes de septiembre pasado un aporte extraordinario<\/a> de car\u00e1cter no reembolsable a todas las distribuidoras cooperativas de $ 2.800 millones que sirva para mitigar la p\u00e9rdida por falta de reconocimiento tarifario\u201d y que \u201choy a dos meses del anuncio y a unos pocos d\u00edas de cierre del ejercicio fiscal, a\u00fan no hay novedades de la ejecuci\u00f3n\u201d.<\/p><\/blockquote>\n<p>&nbsp;<\/p>\n<p>Por otro lado, la Federaci\u00f3n sostuvo que \u201cen reiteradas oportunidades se ha solicitado al presidente del Oceba (Organismo de Control de Energ\u00eda El\u00e9ctrica bonaerense), Macerlo Juiz, que intervenga ante <strong>las distribuidoras privadas con fines de lucro que venden energ\u00eda a cooperativas<\/strong> para que cumplan con las sanciones previstas en el Subanexo D Punto 5 -Calidad de Servicio- del contrato\u201d.<\/p>\n<p>&nbsp;<\/p>\n<p>\u201cAdem\u00e1s se ha solicitado al organismo para que <strong>adec\u00fae los costos de conexi\u00f3n al servicio<\/strong> que quedaron desfasados desde hace mas de tres a\u00f1os y por cada nuevo asociado que la cooperativa conecta al servicio tiene que hacer una erogaci\u00f3n extraordinaria que no se recupera en el tiempo y a pesar de haber solicitado que las cooperativas puedan cobrar la diferencia entre el precio de venta y el costo real como una cuota de capitalizaci\u00f3n, el organismo no lo admite\u201d, indicaron.<\/p>\n<p>&nbsp;<\/p>\n<p>Asimismo, se refirieron a la <strong>tarifa cero para las asociaciones civiles y los clubes de barrio y a la prohibici\u00f3n de realizar cortes de energ\u00eda por falta de pago<\/strong> a personas de bajos recursos. Con estas medidas se mostraron de acuerdo, pero pidieron acompa\u00f1amiento por parte del Estado.<\/p>\n<p>&nbsp;<\/p>\n<p>En el cr\u00edtico comunicado, <strong>la FACE responsabiliz\u00f3 \u201cde atentar contra el sistema el\u00e9ctrico\u201d de la provincia de Buenos Aires al secretario de Energ\u00eda de la Naci\u00f3n, Dar\u00edo Mart\u00ednez<\/strong>; al subsecretario de Energ\u00eda El\u00e9ctrica de la Naci\u00f3n, Federico Basualdo; al subsecretario de Energ\u00eda bonaerense, Gast\u00f3n Ghioni, y a Juiz.<\/p>\n<p>&nbsp;<\/p>\n<blockquote><p>\u201cDesde FACE exigimos a los funcionarios citados a que arbitren las medidas necesarias para que de forma urgente se encuentre una soluci\u00f3n a esta crisis que puede llevar al colapso del sistema de energ\u00eda el\u00e9ctrica de la provincia de Buenos Aires\u201d, culmina el escrito.<\/p><\/blockquote>\n<p>&nbsp;<\/p>\n<p><strong>La Federaci\u00f3n est\u00e1 integrada por m\u00e1s de 240 cooperativas, entre ellas Coopelectric<\/strong>. En la provincia de Buenos Aires est\u00e1n asociadas alrededor de 50 distribuidas en su gran mayor\u00eda en peque\u00f1as localidades.<\/p>\n<p>&nbsp;<\/p>\n<p>Fuente: <em>Agencia DIB<\/em><\/p>\n","protected":false},"excerpt":{"rendered":"<p>La Federaci\u00f3n Argentina de Cooperativas de Electricidad y Otros Servicios P\u00fablicos (FACE), que nuclea a alrededor de 50 distribuidoras bonaerenses,<\/p>\n","protected":false},"author":4,"featured_media":9212,"comment_status":"closed","ping_status":"closed","sticky":false,"template":"","format":"standard","meta":{"_jetpack_memberships_contains_paid_content":false,"footnotes":""},"categories":[6,1],"tags":[],"class_list":["post-39066","post","type-post","status-publish","format-standard","has-post-thumbnail","hentry","category-nacionales","category-portada"],"jetpack_featured_media_url":"https:\/\/i0.wp.com\/cdnoticias.com\/wp-content\/uploads\/2020\/12\/electricidad-luz-tarifas-DIB.jpg?fit=696%2C392&ssl=1","jetpack_sharing_enabled":true,"_links":{"self":[{"href":"https:\/\/cdnoticias.com\/index.php\/wp-json\/wp\/v2\/posts\/39066","targetHints":{"allow":["GET"]}}],"collection":[{"href":"https:\/\/cdnoticias.com\/index.php\/wp-json\/wp\/v2\/posts"}],"about":[{"href":"https:\/\/cdnoticias.com\/index.php\/wp-json\/wp\/v2\/types\/post"}],"author":[{"embeddable":true,"href":"https:\/\/cdnoticias.com\/index.php\/wp-json\/wp\/v2\/users\/4"}],"replies":[{"embeddable":true,"href":"https:\/\/cdnoticias.com\/index.php\/wp-json\/wp\/v2\/comments?post=39066"}],"version-history":[{"count":0,"href":"https:\/\/cdnoticias.com\/index.php\/wp-json\/wp\/v2\/posts\/39066\/revisions"}],"wp:featuredmedia":[{"embeddable":true,"href":"https:\/\/cdnoticias.com\/index.php\/wp-json\/wp\/v2\/media\/9212"}],"wp:attachment":[{"href":"https:\/\/cdnoticias.com\/index.php\/wp-json\/wp\/v2\/media?parent=39066"}],"wp:term":[{"taxonomy":"category","embeddable":true,"href":"https:\/\/cdnoticias.com\/index.php\/wp-json\/wp\/v2\/categories?post=39066"},{"taxonomy":"post_tag","embeddable":true,"href":"https:\/\/cdnoticias.com\/index.php\/wp-json\/wp\/v2\/tags?post=39066"}],"curies":[{"name":"wp","href":"https:\/\/api.w.org\/{rel}","templated":true}]}}