{"id":39061,"date":"2021-11-18T09:34:13","date_gmt":"2021-11-18T12:34:13","guid":{"rendered":"http:\/\/www.centraldenoticias.com.ar\/?p=39061"},"modified":"2021-11-18T11:23:25","modified_gmt":"2021-11-18T14:23:25","slug":"covid-mas-de-104-mil-olavarrienses-han-sido-vacunados","status":"publish","type":"post","link":"https:\/\/cdnoticias.com\/index.php\/2021\/11\/18\/covid-mas-de-104-mil-olavarrienses-han-sido-vacunados\/","title":{"rendered":"Covid: m\u00e1s de 104 mil olavarrienses han sido vacunados"},"content":{"rendered":"<p>Ya se han superado las 5 mil terceras dosis aplicadas. Desde la Regi\u00f3n Sanitaria IX se indic\u00f3 que este mi\u00e9rcoles se vacunaron 226 ni\u00f1as y ni\u00f1os.<!--more--><\/p>\n<hr \/>\n<p><strong>La campa\u00f1a de vacunaci\u00f3n contra el Covid alcanz\u00f3 en Olavarr\u00eda a 104.115 personas<\/strong> y ya se han superado las 5 mil terceras dosis aplicadas.<\/p>\n<p>&nbsp;<\/p>\n<p>Acerca del avance de la campa\u00f1a, <strong>desde la Regi\u00f3n Sanitaria IX se indic\u00f3 que este mi\u00e9rcoles se vacunaron 226 ni\u00f1as y ni\u00f1os<\/strong> mientras que<strong> el total de personas vacunadas fue de 274<\/strong> entre todas las postas en funcionamiento.\u00a0En paralelo, se hicieron m\u00e1s testeos en el centro ubicado en el club El Fort\u00edn.<\/p>\n<p>&nbsp;<\/p>\n<blockquote><p>En funci\u00f3n de la informaci\u00f3n publicada por la Sala de Situaci\u00f3n del Ministerio de Salud de la provincia, en Olavarr\u00eda se han aplicado 196.922 dosis en total. Con primera dosis se contabilizan 104.115 personas. A su vez, ya se han aplicado 87.322 segundas dosis y 5.485 terceras dosis.<\/p><\/blockquote>\n<p>&nbsp;<\/p>\n<p><strong>En el total provincial, son 13.940.917 bonaerenses vacunados contra el Covid<\/strong>. De ellos 11.028.613 tienen dos dosis y ya son 457.593 las personas que tienen a tercera dosis aplicada. En el \u00e1mbito provincial se superaron las 25,4 millones de dosis aplicadas.<\/p>\n<p>&nbsp;<\/p>\n<p><img data-recalc-dims=\"1\" loading=\"lazy\" decoding=\"async\" class=\"aligncenter wp-image-39062 size-large\" src=\"https:\/\/i0.wp.com\/cdnoticias.com\/wp-content\/uploads\/2021\/11\/vacunacion.jpg?resize=800%2C648&#038;ssl=1\" alt=\"\" width=\"800\" height=\"648\" srcset=\"https:\/\/i0.wp.com\/cdnoticias.com\/wp-content\/uploads\/2021\/11\/vacunacion.jpg?resize=1024%2C829&amp;ssl=1 1024w, https:\/\/i0.wp.com\/cdnoticias.com\/wp-content\/uploads\/2021\/11\/vacunacion.jpg?resize=300%2C243&amp;ssl=1 300w, https:\/\/i0.wp.com\/cdnoticias.com\/wp-content\/uploads\/2021\/11\/vacunacion.jpg?resize=768%2C622&amp;ssl=1 768w, https:\/\/i0.wp.com\/cdnoticias.com\/wp-content\/uploads\/2021\/11\/vacunacion.jpg?w=1356&amp;ssl=1 1356w\" sizes=\"auto, (max-width: 800px) 100vw, 800px\" \/><\/p>\n<p>&nbsp;<\/p>\n<p>Seg\u00fan se detall\u00f3, <strong>este mi\u00e9rcoles en el Centro Cultural Universitarios aplicaron 74 dosis<\/strong> de las cuales 41 corresponden a primer componente en ni\u00f1as y ni\u00f1os de 3 a 11 a\u00f1os, 3 mayores de edad con segundo componente, y 30 segundos componentes en la franja etaria de 3 a 11 a\u00f1os.<\/p>\n<p>&nbsp;<\/p>\n<p><strong>En el Servicio Territorial N\u00b02 fueron 135 las personas vacunadas<\/strong>, de ellas 2 corresponden a primeras dosis en adultos, 3 primeras dosis en menores de 3 a 11 a\u00f1os, 12 primer componente en la franja etaria de 12 a 17 a\u00f1os, 2 segundas dosis en adultos, 61 segundo componente a menores de 3 a 11 a\u00f1os, 41 segundas dosis a j\u00f3venes de 12 a 17, y 14 adultos fueron inoculados con terceras dosis.<\/p>\n<p>&nbsp;<\/p>\n<p><strong>En la Facultad de Ciencias de la Salud se inocularon 65 personas<\/strong> de las cuales 3 menores de 3 a 11 a\u00f1os con primera dosis, 18 segundas dosis en menores de 12 a 17, 17 ni\u00f1as y ni\u00f1os de 3 a 11 a\u00f1os con segundo componente, y 27 adultos se inocularon con terceras dosis.<\/p>\n<p>&nbsp;<\/p>\n<p><img data-recalc-dims=\"1\" loading=\"lazy\" decoding=\"async\" class=\"size-large wp-image-29061 aligncenter\" src=\"https:\/\/i0.wp.com\/cdnoticias.com\/wp-content\/uploads\/2021\/08\/WhatsApp-Image-2021-08-09-at-20.59.25.jpeg?resize=800%2C523&#038;ssl=1\" alt=\"\" width=\"800\" height=\"523\" srcset=\"https:\/\/i0.wp.com\/cdnoticias.com\/wp-content\/uploads\/2021\/08\/WhatsApp-Image-2021-08-09-at-20.59.25.jpeg?resize=1024%2C670&amp;ssl=1 1024w, https:\/\/i0.wp.com\/cdnoticias.com\/wp-content\/uploads\/2021\/08\/WhatsApp-Image-2021-08-09-at-20.59.25.jpeg?resize=300%2C196&amp;ssl=1 300w, https:\/\/i0.wp.com\/cdnoticias.com\/wp-content\/uploads\/2021\/08\/WhatsApp-Image-2021-08-09-at-20.59.25.jpeg?resize=768%2C503&amp;ssl=1 768w, https:\/\/i0.wp.com\/cdnoticias.com\/wp-content\/uploads\/2021\/08\/WhatsApp-Image-2021-08-09-at-20.59.25.jpeg?w=1280&amp;ssl=1 1280w\" sizes=\"auto, (max-width: 800px) 100vw, 800px\" \/><\/p>\n<p>&nbsp;<\/p>\n<p>A la par, se record\u00f3 que para obtener el <strong>turno de vacunaci\u00f3n a ni\u00f1os y ni\u00f1as de entre 3 y 11 a\u00f1os<\/strong>, se deber\u00e1n inscribir al igual que los menores de 12 a 17, a trav\u00e9s del sitio web <em>www.vacunatepba.gba.gob.ar<\/em> . Adem\u00e1s, se habilit\u00f3 la primera dosis libre para mayores de 12 con enfermedades preexistentes.<\/p>\n<p>&nbsp;<\/p>\n<p>Asimismo, sigue desarroll\u00e1ndose la <strong>vacunaci\u00f3n libre de primeras y segundas dosis para mayores de 18 a\u00f1os<\/strong> que acrediten domicilio en la localidad present\u00e1ndose con su DNI en cualquiera de las postas de vacunaci\u00f3n (como toda segunda dosis libre, se debe cumplir el plazo estipulado entre vacunas).<\/p>\n<p>&nbsp;<\/p>\n<p>En cuanto a las actividades preventivas que se realizan en el <strong>Centro Provincial de Testeos<\/strong> que funciona en las instalaciones del Club El Fort\u00edn (Urquiza 2980), de lunes a viernes de 8 a 12 hs, <strong>este mi\u00e9rcoles se realizaron 11 hisopados<\/strong> a personas que se presentaron de manera espont\u00e1nea, de las cuales ninguno result\u00f3 positivo.<\/p>\n<p>&nbsp;<\/p>\n<p>Cualquier duda o consulta, podr\u00e1n acercarse a cualquiera de las tres postas: Servicio Territorial N\u00b02, Av. Alberdi 2543, de 8 a 18 hs; Facultad de Ciencias de la Salud, Merlo entre Av. Pringles y 9 de julio, de 8 a 18 hs, y en el Centro Cultural Universitario, San Martin 1955, de 8 a 18 hs.<\/p>\n","protected":false},"excerpt":{"rendered":"<p>Ya se han superado las 5 mil terceras dosis aplicadas. Desde la Regi\u00f3n Sanitaria IX se indic\u00f3 que este mi\u00e9rcoles<\/p>\n","protected":false},"author":4,"featured_media":23119,"comment_status":"closed","ping_status":"closed","sticky":false,"template":"","format":"standard","meta":{"_jetpack_memberships_contains_paid_content":false,"footnotes":""},"categories":[16,1],"tags":[],"class_list":["post-39061","post","type-post","status-publish","format-standard","has-post-thumbnail","hentry","category-covid-19","category-portada"],"jetpack_featured_media_url":"https:\/\/i0.wp.com\/cdnoticias.com\/wp-content\/uploads\/2021\/06\/vacunacion-covid-00.jpg?fit=800%2C445&ssl=1","jetpack_sharing_enabled":true,"_links":{"self":[{"href":"https:\/\/cdnoticias.com\/index.php\/wp-json\/wp\/v2\/posts\/39061","targetHints":{"allow":["GET"]}}],"collection":[{"href":"https:\/\/cdnoticias.com\/index.php\/wp-json\/wp\/v2\/posts"}],"about":[{"href":"https:\/\/cdnoticias.com\/index.php\/wp-json\/wp\/v2\/types\/post"}],"author":[{"embeddable":true,"href":"https:\/\/cdnoticias.com\/index.php\/wp-json\/wp\/v2\/users\/4"}],"replies":[{"embeddable":true,"href":"https:\/\/cdnoticias.com\/index.php\/wp-json\/wp\/v2\/comments?post=39061"}],"version-history":[{"count":0,"href":"https:\/\/cdnoticias.com\/index.php\/wp-json\/wp\/v2\/posts\/39061\/revisions"}],"wp:featuredmedia":[{"embeddable":true,"href":"https:\/\/cdnoticias.com\/index.php\/wp-json\/wp\/v2\/media\/23119"}],"wp:attachment":[{"href":"https:\/\/cdnoticias.com\/index.php\/wp-json\/wp\/v2\/media?parent=39061"}],"wp:term":[{"taxonomy":"category","embeddable":true,"href":"https:\/\/cdnoticias.com\/index.php\/wp-json\/wp\/v2\/categories?post=39061"},{"taxonomy":"post_tag","embeddable":true,"href":"https:\/\/cdnoticias.com\/index.php\/wp-json\/wp\/v2\/tags?post=39061"}],"curies":[{"name":"wp","href":"https:\/\/api.w.org\/{rel}","templated":true}]}}