{"id":39038,"date":"2021-11-17T19:51:54","date_gmt":"2021-11-17T22:51:54","guid":{"rendered":"http:\/\/www.centraldenoticias.com.ar\/?p=39038"},"modified":"2021-11-18T08:32:45","modified_gmt":"2021-11-18T11:32:45","slug":"garantias-dicto-la-detencion-de-olavarriense-sorprendido-con-pastillas-de-extasis-en-azul","status":"publish","type":"post","link":"https:\/\/cdnoticias.com\/index.php\/2021\/11\/17\/garantias-dicto-la-detencion-de-olavarriense-sorprendido-con-pastillas-de-extasis-en-azul\/","title":{"rendered":"Garant\u00edas dict\u00f3 la detenci\u00f3n de olavarriense sorprendido con pastillas de \u00e9xtasis en Azul"},"content":{"rendered":"<p>El juez azule\u00f1o Federico Barberena acompa\u00f1\u00f3 el planteo del fiscal Lucas Moyano, por lo que el acusado, de 37 a\u00f1os, seguir\u00e1 tras las rejas.<!--more--><\/p>\n<hr \/>\n<p>En el cierre de la tarde del \u00faltimo martes un operativo de rutina llevado a cabo desde el destacamento de Polic\u00eda Vial de Azul<a href=\"https:\/\/cdnoticias.com\/index.php\/2021\/11\/17\/un-hombre-con-domicilio-en-olavarria-fue-interceptado-con-29-pastillas-de-extasis-en-azul\/\" target=\"_blank\" rel=\"noopener\"> intercept\u00f3 en la Ruta Nacional N\u00b0 3 un Volkswagen Vento que circulaba con direcci\u00f3n hacia Olavarr\u00eda<\/a>. Hasta all\u00ed todo transcurr\u00eda con total normalidad, sin embargo <strong>el nerviosismo demostrado por el conductor del rodado hizo sospechar a los agentes de seguridad que algo no estaba bien.<\/strong><\/p>\n<p>&nbsp;<\/p>\n<p>Fue por ello que se le pidi\u00f3 que descendiera del veh\u00edculo y que, adem\u00e1s de la documentaci\u00f3n habilitante para circular, tambi\u00e9n permitiera mostrar el interior del rodado y sus pertenencias. Fue as\u00ed que se logr\u00f3 dar con el<strong> hallazgo de una mochila que en el interior pose\u00eda un sobre de color madera con alrededor de 30 pastillas de \u00e9xtasis, de un pesaje total superior a los 11 gramos<\/strong>. Ese hallazgo motiv\u00f3 tambi\u00e9n a que se le incautaran los dos tel\u00e9fonos celulares que ten\u00eda en su poder.<\/p>\n<p>&nbsp;<\/p>\n<p>Debido al tener del hallazgo se convoc\u00f3 al fiscal Lucas Moyano, precisamente el titular de la UFI especializada en estupefacientes. Fue el funcionario judicial olavarriense quien horas m\u00e1s tarde lo recibi\u00f3 en el recinto de justicia para llevar a cabo una audiencia en t\u00e9rminos del art\u00edculo 308 del C\u00f3digo Procesal Penal, ocasi\u00f3n que sirve para imputar al acusado y darle la posibilidad que narre su versi\u00f3n de los hechos, algo que descart\u00f3 al hacer<strong> uso de su derecho a negarse a prestar declaraci\u00f3n indagatoria.<\/strong><\/p>\n<p>&nbsp;<\/p>\n<p><img data-recalc-dims=\"1\" loading=\"lazy\" decoding=\"async\" class=\"alignnone size-full wp-image-39007\" src=\"https:\/\/i0.wp.com\/cdnoticias.com\/wp-content\/uploads\/2021\/11\/extasis.jpg?resize=800%2C445&#038;ssl=1\" alt=\"\" width=\"800\" height=\"445\" srcset=\"https:\/\/i0.wp.com\/cdnoticias.com\/wp-content\/uploads\/2021\/11\/extasis.jpg?w=800&amp;ssl=1 800w, https:\/\/i0.wp.com\/cdnoticias.com\/wp-content\/uploads\/2021\/11\/extasis.jpg?resize=300%2C167&amp;ssl=1 300w, https:\/\/i0.wp.com\/cdnoticias.com\/wp-content\/uploads\/2021\/11\/extasis.jpg?resize=768%2C427&amp;ssl=1 768w\" sizes=\"auto, (max-width: 800px) 100vw, 800px\" \/><\/p>\n<p>&nbsp;<\/p>\n<p>Debido a esa situaci\u00f3n todo se limit\u00f3 a la notificaci\u00f3n de las actuaciones en su contra por el delito de<strong> \u201ctenencia de estupefacientes con fines de comercializaci\u00f3n\u201d, figura por la que adem\u00e1s el fiscal Lucas Moyano requiri\u00f3 al Juzgado de Garant\u00edas que se formalice la detenci\u00f3n.<\/strong><\/p>\n<p>&nbsp;<\/p>\n<p>La novedad ahora est\u00e1 dada en que el titular del Juzgado de Garant\u00edas 2 de Azul, el doctor Federico Barberena, acompa\u00f1\u00f3 el pedido y <strong>dict\u00f3 la conversi\u00f3n en detenci\u00f3n de la aprehensi\u00f3n del olavarriense. No obstante ello, lo hizo por la figura de \u201ctenencia ileg\u00edtima de estupefacientes&#8221; y no &#8220;con fines de comercializaci\u00f3n\u201d, tal como hab\u00eda sido requerido desde fiscal\u00eda.<\/strong><\/p>\n<p>&nbsp;<\/p>\n<p>Ahora resultar\u00e1 clave lo que se desprenda de las tareas complementarias, entre las que sobresale los peritajes a los tel\u00e9fonos celulares. El acusado, quien fue identificado como Brian Mariano Yi, ahora permanece en una seccional policial de Azul<strong> a la espera de una confirmaci\u00f3n de cupo para ser trasladado a una sede carcelaria del Servicio Penitenciario Bonaerense.<\/strong><\/p>\n","protected":false},"excerpt":{"rendered":"<p>El juez azule\u00f1o Federico Barberena acompa\u00f1\u00f3 el planteo del fiscal Lucas Moyano, por lo que el acusado, de 37 a\u00f1os,<\/p>\n","protected":false},"author":3,"featured_media":39039,"comment_status":"closed","ping_status":"closed","sticky":false,"template":"","format":"standard","meta":{"_jetpack_memberships_contains_paid_content":false,"footnotes":""},"categories":[14,1],"tags":[],"class_list":["post-39038","post","type-post","status-publish","format-standard","has-post-thumbnail","hentry","category-policiales","category-portada"],"jetpack_featured_media_url":"https:\/\/i0.wp.com\/cdnoticias.com\/wp-content\/uploads\/2021\/11\/extasis01.jpg?fit=800%2C445&ssl=1","jetpack_sharing_enabled":true,"_links":{"self":[{"href":"https:\/\/cdnoticias.com\/index.php\/wp-json\/wp\/v2\/posts\/39038","targetHints":{"allow":["GET"]}}],"collection":[{"href":"https:\/\/cdnoticias.com\/index.php\/wp-json\/wp\/v2\/posts"}],"about":[{"href":"https:\/\/cdnoticias.com\/index.php\/wp-json\/wp\/v2\/types\/post"}],"author":[{"embeddable":true,"href":"https:\/\/cdnoticias.com\/index.php\/wp-json\/wp\/v2\/users\/3"}],"replies":[{"embeddable":true,"href":"https:\/\/cdnoticias.com\/index.php\/wp-json\/wp\/v2\/comments?post=39038"}],"version-history":[{"count":0,"href":"https:\/\/cdnoticias.com\/index.php\/wp-json\/wp\/v2\/posts\/39038\/revisions"}],"wp:featuredmedia":[{"embeddable":true,"href":"https:\/\/cdnoticias.com\/index.php\/wp-json\/wp\/v2\/media\/39039"}],"wp:attachment":[{"href":"https:\/\/cdnoticias.com\/index.php\/wp-json\/wp\/v2\/media?parent=39038"}],"wp:term":[{"taxonomy":"category","embeddable":true,"href":"https:\/\/cdnoticias.com\/index.php\/wp-json\/wp\/v2\/categories?post=39038"},{"taxonomy":"post_tag","embeddable":true,"href":"https:\/\/cdnoticias.com\/index.php\/wp-json\/wp\/v2\/tags?post=39038"}],"curies":[{"name":"wp","href":"https:\/\/api.w.org\/{rel}","templated":true}]}}