{"id":38932,"date":"2021-11-16T20:02:04","date_gmt":"2021-11-16T23:02:04","guid":{"rendered":"http:\/\/www.centraldenoticias.com.ar\/?p=38932"},"modified":"2021-11-16T20:02:04","modified_gmt":"2021-11-16T23:02:04","slug":"coopelectric-cedio-un-espacio-para-que-pueda-funcionar-la-cooperativa-dejando-huellas","status":"publish","type":"post","link":"https:\/\/cdnoticias.com\/index.php\/2021\/11\/16\/coopelectric-cedio-un-espacio-para-que-pueda-funcionar-la-cooperativa-dejando-huellas\/","title":{"rendered":"Coopelectric cedi\u00f3 un espacio para que pueda funcionar la Cooperativa \u201cDejando Huellas\u201d"},"content":{"rendered":"<p>La propiedad fue otorgada en comodato por el plazo de un a\u00f1o. Los detalles.<!--more--><\/p>\n<hr \/>\n<p>En las \u00faltimas horas las autoridades del Consejo de Administraci\u00f3n de Coopelectric mantuvieron un encuentro con las integrantes de la Cooperativa de Trabajo en formaci\u00f3n \u201cDejando Huellas\u201d, el que se firm\u00f3 un acuerdo de comodato cediendo el uso gratuito durante un a\u00f1o de un inmueble que pertenece a Coopelectric. El mismo se encuentra ubicado en calle General Paz N\u00b0 3125 y <strong>ser\u00e1 utilizado por las integrantes de la pre-cooperativa de Cuidadoras Domiciliarias \u201cDejando Huellas\u201d como sede para llevar a cabo reuniones y capacitaciones.<\/strong><\/p>\n<p>&nbsp;<\/p>\n<p>Durante el encuentro Miriam Freyre, Mar\u00eda de los \u00c1ngeles G\u00f3mez, Guadalupe Comensoli y Araceli Pacheco dialogaron con los integrantes del Consejo de Administraci\u00f3n y compartieron su experiencia asociativa, de la que tambi\u00e9n forman parte Karina Barrios y Valeria Saucedo. Estas seis mujeres que hoy <strong>trabajan de forma asociativa participaron hace unos a\u00f1os del Curso de Formaci\u00f3n de Cuidadores Domiciliarios que se dict\u00f3 en la Facultad de Ciencias Sociales en el marco de un convenio entre la Universidad Nacional del Centro y el Ministerio de Desarrollo Social de la Naci\u00f3n.<\/strong><\/p>\n<p>&nbsp;<\/p>\n<blockquote><p>\u201cTuvimos una materia vinculada al cooperativismo y al asociativismo, donde fuimos familiariz\u00e1ndonos, conociendo de qu\u00e9 trataba y as\u00ed fue que naci\u00f3 la idea de formar una Cooperativa de Cuidadoras Domiciliarias local\u201d se\u00f1alaron.<\/p><\/blockquote>\n<p>&nbsp;<\/p>\n<p>Esto que en principio fue un sue\u00f1o comenz\u00f3 a formalizarse a trav\u00e9s de su participaci\u00f3n en jornadas cooperativas, de la vinculaci\u00f3n con otras Cooperativas de cuidadoras domiciliarias en la Provincia, de su integraci\u00f3n en una Red dependiente del Instituto Nacional de Asociativismo y Econom\u00eda Social (INAES), del asesoramiento de personal de la Facultad y tambi\u00e9n de la contribuci\u00f3n de Coopelectric respecto de la sede. Tal es as\u00ed, que <strong>ya han avanzado con los tr\u00e1mites para constituirse legalmente como Cooperativa y aguardan el otorgamiento de la matr\u00edcula nacional.<\/strong><\/p>\n<p>&nbsp;<\/p>\n<p>Desde el Consejo de Administraci\u00f3n de Coopelectric destacaron la importancia de acompa\u00f1ar este proyecto asociativo, de colaborar con un espacio f\u00edsico para que puedan reunirse y de enaltecer el sexto principio cooperativo basado en la Cooperaci\u00f3n entre Cooperativas. <strong>\u201cSignifica un gran orgullo poder contribuir y acompa\u00f1ar la experiencia asociativa de este grupo de mujeres, compartir con ellas el valor de la solidaridad, la vocaci\u00f3n de servicio y la ayuda mutua. Coopelectric est\u00e1 a disposici\u00f3n para lo que necesiten\u201d<\/strong>, sostuvieron desde el Consejo.<\/p>\n<p>&nbsp;<\/p>\n<blockquote><p>\u201cTenemos toda la documentaci\u00f3n presentada ante el INAES con el n\u00famero de expediente y estamos a la espera de la Matr\u00edcula. No sabemos cu\u00e1nto va a demorar, pero estamos muy ansiosas y sabemos que pronto la tendremos\u201d.<\/p><\/blockquote>\n<p>&nbsp;<\/p>\n<p>La Cooperativa de Cuidadoras Domiciliarias en formaci\u00f3n \u201cDejando Huellas\u201d <strong>trabaja desde un abordaje integral para acompa\u00f1ar y asesorar en las actividades de la vida cotidiana a adultos mayores, personas con discapacidad y a aquellas que presentan patolog\u00edas cr\u00f3nicas<\/strong>. \u201cComo cuidadoras domiciliarias acompa\u00f1amos a las personas para atender las necesidades b\u00e1sicas de su vida diaria, las cuales estas se van modificando de acuerdo al grado de autonom\u00eda de cada persona. El plan de trabajo es individual y previa entrevista presencial se asignan cuidadoras de acuerdo al perfil requerido\u201d explicaron.<\/p>\n<p>&nbsp;<\/p>\n<p>Quienes est\u00e9n interesados en contactarlas, pueden hacerlo<strong> a trav\u00e9s del celular 2284-15 594499 o de la casilla de correo: huellasdejando026@gmail.com<\/strong><\/p>\n","protected":false},"excerpt":{"rendered":"<p>La propiedad fue otorgada en comodato por el plazo de un a\u00f1o. Los detalles.<\/p>\n","protected":false},"author":3,"featured_media":38933,"comment_status":"closed","ping_status":"closed","sticky":false,"template":"","format":"standard","meta":{"_jetpack_memberships_contains_paid_content":false,"footnotes":""},"categories":[5,1],"tags":[],"class_list":["post-38932","post","type-post","status-publish","format-standard","has-post-thumbnail","hentry","category-informacion-general","category-portada"],"jetpack_featured_media_url":"https:\/\/i0.wp.com\/cdnoticias.com\/wp-content\/uploads\/2021\/11\/Reunion-y-firma-Coop-Dejando-Huellas-e1637096053664.jpg?fit=2000%2C1050&ssl=1","jetpack_sharing_enabled":true,"_links":{"self":[{"href":"https:\/\/cdnoticias.com\/index.php\/wp-json\/wp\/v2\/posts\/38932","targetHints":{"allow":["GET"]}}],"collection":[{"href":"https:\/\/cdnoticias.com\/index.php\/wp-json\/wp\/v2\/posts"}],"about":[{"href":"https:\/\/cdnoticias.com\/index.php\/wp-json\/wp\/v2\/types\/post"}],"author":[{"embeddable":true,"href":"https:\/\/cdnoticias.com\/index.php\/wp-json\/wp\/v2\/users\/3"}],"replies":[{"embeddable":true,"href":"https:\/\/cdnoticias.com\/index.php\/wp-json\/wp\/v2\/comments?post=38932"}],"version-history":[{"count":0,"href":"https:\/\/cdnoticias.com\/index.php\/wp-json\/wp\/v2\/posts\/38932\/revisions"}],"wp:featuredmedia":[{"embeddable":true,"href":"https:\/\/cdnoticias.com\/index.php\/wp-json\/wp\/v2\/media\/38933"}],"wp:attachment":[{"href":"https:\/\/cdnoticias.com\/index.php\/wp-json\/wp\/v2\/media?parent=38932"}],"wp:term":[{"taxonomy":"category","embeddable":true,"href":"https:\/\/cdnoticias.com\/index.php\/wp-json\/wp\/v2\/categories?post=38932"},{"taxonomy":"post_tag","embeddable":true,"href":"https:\/\/cdnoticias.com\/index.php\/wp-json\/wp\/v2\/tags?post=38932"}],"curies":[{"name":"wp","href":"https:\/\/api.w.org\/{rel}","templated":true}]}}