{"id":38925,"date":"2021-11-16T17:00:14","date_gmt":"2021-11-16T20:00:14","guid":{"rendered":"http:\/\/www.centraldenoticias.com.ar\/?p=38925"},"modified":"2021-11-16T17:00:52","modified_gmt":"2021-11-16T20:00:52","slug":"por-el-mal-tiempo-se-suspendio-el-encuentro-feminista","status":"publish","type":"post","link":"https:\/\/cdnoticias.com\/index.php\/2021\/11\/16\/por-el-mal-tiempo-se-suspendio-el-encuentro-feminista\/","title":{"rendered":"Por el mal tiempo, se suspendi\u00f3 el encuentro feminista\u00a0"},"content":{"rendered":"<p>Estaba previsto para este martes por la tarde en el Parque Mitre. Las organizadoras informar\u00e1n nueva fecha de realizaci\u00f3n.<!--more--><\/p>\n<hr \/>\n<p>En la tarde de este martes se iba a llevara cabo una Asamblea Abierta, convocada de cara al pr\u00f3ximo 25 de noviembre, fecha en la que se conmemora el<strong> D\u00eda Internacional de la Eliminaci\u00f3n de las Violencias Machistas.<\/strong><\/p>\n<p>&nbsp;<\/p>\n<p>Debido al mal tiempo desde la organizaci\u00f3n se resolvi\u00f3 suspender la actividad.<\/p>\n<p>&nbsp;<\/p>\n<p>La nueva convocatoria ser\u00e1 <strong>definida y comunicada en los pr\u00f3ximos d\u00edas.<\/strong><\/p>\n","protected":false},"excerpt":{"rendered":"<p>Estaba previsto para este martes por la tarde en el Parque Mitre. Las organizadoras informar\u00e1n nueva fecha de realizaci\u00f3n.<\/p>\n","protected":false},"author":5,"featured_media":0,"comment_status":"closed","ping_status":"closed","sticky":false,"template":"","format":"standard","meta":{"_jetpack_memberships_contains_paid_content":false,"footnotes":""},"categories":[3,1],"tags":[],"class_list":["post-38925","post","type-post","status-publish","format-standard","hentry","category-genero","category-portada"],"jetpack_featured_media_url":"","jetpack_sharing_enabled":true,"_links":{"self":[{"href":"https:\/\/cdnoticias.com\/index.php\/wp-json\/wp\/v2\/posts\/38925","targetHints":{"allow":["GET"]}}],"collection":[{"href":"https:\/\/cdnoticias.com\/index.php\/wp-json\/wp\/v2\/posts"}],"about":[{"href":"https:\/\/cdnoticias.com\/index.php\/wp-json\/wp\/v2\/types\/post"}],"author":[{"embeddable":true,"href":"https:\/\/cdnoticias.com\/index.php\/wp-json\/wp\/v2\/users\/5"}],"replies":[{"embeddable":true,"href":"https:\/\/cdnoticias.com\/index.php\/wp-json\/wp\/v2\/comments?post=38925"}],"version-history":[{"count":0,"href":"https:\/\/cdnoticias.com\/index.php\/wp-json\/wp\/v2\/posts\/38925\/revisions"}],"wp:attachment":[{"href":"https:\/\/cdnoticias.com\/index.php\/wp-json\/wp\/v2\/media?parent=38925"}],"wp:term":[{"taxonomy":"category","embeddable":true,"href":"https:\/\/cdnoticias.com\/index.php\/wp-json\/wp\/v2\/categories?post=38925"},{"taxonomy":"post_tag","embeddable":true,"href":"https:\/\/cdnoticias.com\/index.php\/wp-json\/wp\/v2\/tags?post=38925"}],"curies":[{"name":"wp","href":"https:\/\/api.w.org\/{rel}","templated":true}]}}