{"id":38913,"date":"2021-11-16T18:12:44","date_gmt":"2021-11-16T21:12:44","guid":{"rendered":"http:\/\/www.centraldenoticias.com.ar\/?p=38913"},"modified":"2021-11-16T18:12:44","modified_gmt":"2021-11-16T21:12:44","slug":"no-hay-planeta-b-la-fio-ofrece-una-interesante-jornada-sobre-el-cambio-climatico","status":"publish","type":"post","link":"https:\/\/cdnoticias.com\/index.php\/2021\/11\/16\/no-hay-planeta-b-la-fio-ofrece-una-interesante-jornada-sobre-el-cambio-climatico\/","title":{"rendered":"\u201cNo hay planeta B\u201d: La FIO ofrece una interesante jornada sobre el cambio clim\u00e1tico"},"content":{"rendered":"<p>Ser\u00e1 el pr\u00f3ximo mi\u00e9rcoles y disertar\u00e1n tres activistas. Se podr\u00e1 concurrir o seguir las alternativas por plataformas virtuales. Los detalles y la informaci\u00f3n para poder participar.<!--more--><\/p>\n<hr \/>\n<p><strong>\u00a0\u201cNo hay planeta B: acciones para el cambio\u201d<\/strong> es el eje de la charla que organiza ECO.FIO, programa institucional de la Facultad de Ingenier\u00eda gestado para instalar las problem\u00e1ticas socioambientales como eje transversal dentro y fuera del campus universitario. La propuesta se llevar\u00e1 a cabo el <strong>17 de noviembre, a las 19, en forma h\u00edbrida y con inscripci\u00f3n previa<\/strong>.<\/p>\n<p>&nbsp;<\/p>\n<p><strong>El objetivo es generar un \u00e1mbito de reflexi\u00f3n pero tambi\u00e9n de intercambio, para enriquecer la mirada y promover acciones colectivas por un futuro m\u00e1s sustentable.<\/strong> Lo que se busca es poner en discusi\u00f3n la problem\u00e1tica del cambio clim\u00e1tico y visibilizar acciones que se llevan a cabo en nuestro pa\u00eds desde agrupaciones y organizaciones no gubernamentales integradas, en su mayor\u00eda, por j\u00f3venes y que esa militancia \u201cverde\u201d sea un ejemplo a seguir.<\/p>\n<p>&nbsp;<\/p>\n<p><strong>La charla, de car\u00e1cter gratuito, es organizada en el marco del relanzamiento del programa ECO.FIO, a partir de la creaci\u00f3n del Comit\u00e9 Asesor<\/strong>. Los destinatarios de actividad son la comunidad FIO y el p\u00fablico en general interesado en la tem\u00e1tica.\u00a0El encuentro contar\u00e1 con la participaci\u00f3n de tres j\u00f3venes activistas por la lucha contra el cambio clim\u00e1tico.<\/p>\n<p>&nbsp;<\/p>\n<p><strong>Luz Falivene, es cofundadora de la Fundaci\u00f3n Sustentabilidad sin Fronteras<\/strong>, que se compromete a reducir con sus acciones la contaminaci\u00f3n causante del calentamiento global y a formar parte de la Comunidad #PorElClima, iniciativa pionera de personas, empresas, organizaciones y administraciones p\u00fablicas que se unen con un objetivo com\u00fan: ser protagonistas de la acci\u00f3n contra el Cambio Clim\u00e1tico de acuerdo con las directrices marcadas con el Acuerdo de Par\u00eds. Falivene es directora de Investigaci\u00f3n, licenciada en Relaciones Internacionales (Siglo 21), maestranda en Econom\u00eda y Derecho del cambio clim\u00e1tico (FLACSO); ex directora ejecutiva de Fundaci\u00f3n TierraVida y Global Shaper y actualmente es asesora t\u00e9cnica en adaptaci\u00f3n de la Direcci\u00f3n Nacional de Cambio Clim\u00e1tico del MAyDS.<\/p>\n<p>&nbsp;<\/p>\n<p><img data-recalc-dims=\"1\" loading=\"lazy\" decoding=\"async\" class=\"alignnone size-full wp-image-3943\" src=\"https:\/\/i0.wp.com\/cdnoticias.com\/wp-content\/uploads\/2020\/10\/facultadingenieria.jpg?resize=500%2C231&#038;ssl=1\" alt=\"\" width=\"500\" height=\"231\" srcset=\"https:\/\/i0.wp.com\/cdnoticias.com\/wp-content\/uploads\/2020\/10\/facultadingenieria.jpg?w=500&amp;ssl=1 500w, https:\/\/i0.wp.com\/cdnoticias.com\/wp-content\/uploads\/2020\/10\/facultadingenieria.jpg?resize=300%2C139&amp;ssl=1 300w\" sizes=\"auto, (max-width: 500px) 100vw, 500px\" \/><\/p>\n<p>&nbsp;<\/p>\n<p><strong>Nahuel Pugliese ser\u00e1 otro de los disertantes. Tambi\u00e9n integra Sustentabilidad sin Fronteras<\/strong>, es licenciado en Ciencias Ambientales por la Facultad de Agronom\u00eda de la UBA, maestrando en Derecho y Econom\u00eda del Cambio Clim\u00e1tico en FLACSO Argentina. Tiene experiencia en el sector p\u00fablico en temas de sustentabilidad y cambio clim\u00e1tico y es especialista en inventario de GEI y mitigaci\u00f3n.<\/p>\n<p>&nbsp;<\/p>\n<p><strong>Mar\u00eda Aguilar es referente de Eco House Global<\/strong>, una organizaci\u00f3n sin fines de lucro nacida en Argentina, con presencia en Am\u00e9rica Latina, Europa y \u00c1frica, especializada en educaci\u00f3n, pol\u00edtica, econom\u00eda y voluntariado para la sostenibilidad. Actualmente, se desempe\u00f1a como coordinadora general de los departamentos de Educaci\u00f3n Socioambiental y de Investigaci\u00f3n y Pol\u00edtica Socioambiental.<\/p>\n<p>&nbsp;<\/p>\n<p><strong>La conferencia comenzar\u00e1 a las 19 y ser\u00e1 presentada por el director de ECO.FIO, el magister ingeniero Gabriel Blanco, referente nacional e internacional en problem\u00e1ticas ambientales.<\/strong> Luego cada participante brindar\u00e1 una exposici\u00f3n de 10 minutos para dar paso a una instancia de intercambio e interacci\u00f3n con los asistentes presenciales y virtuales. El cierre del encuentro est\u00e1 previsto para las 20.15.<\/p>\n<p>&nbsp;<\/p>\n<p>Las disertaciones se transmitir\u00e1n en forma virtual pero quienes deseen asistir de manera presencial podr\u00e1n hacerlo ya que la actividad se realizar\u00e1 en el Aula 1 (Edificio de Ingenier\u00eda Civil), con cupos limitados. En ambos casos, se requerir\u00e1 de inscripci\u00f3n previa, la cual se puede realizar haciendo <a href=\"https:\/\/forms.gle\/ZezSdvKBQoJ5xxpz6\" target=\"_blank\" rel=\"noopener\">click aqu\u00ed<\/a>.<\/p>\n","protected":false},"excerpt":{"rendered":"<p>Ser\u00e1 el pr\u00f3ximo mi\u00e9rcoles y disertar\u00e1n tres activistas. Se podr\u00e1 concurrir o seguir las alternativas por plataformas virtuales. Los detalles<\/p>\n","protected":false},"author":3,"featured_media":38914,"comment_status":"closed","ping_status":"closed","sticky":false,"template":"","format":"standard","meta":{"_jetpack_memberships_contains_paid_content":false,"footnotes":""},"categories":[5,1],"tags":[],"class_list":["post-38913","post","type-post","status-publish","format-standard","has-post-thumbnail","hentry","category-informacion-general","category-portada"],"jetpack_featured_media_url":"https:\/\/i0.wp.com\/cdnoticias.com\/wp-content\/uploads\/2021\/11\/ECO.jpg?fit=640%2C309&ssl=1","jetpack_sharing_enabled":true,"_links":{"self":[{"href":"https:\/\/cdnoticias.com\/index.php\/wp-json\/wp\/v2\/posts\/38913","targetHints":{"allow":["GET"]}}],"collection":[{"href":"https:\/\/cdnoticias.com\/index.php\/wp-json\/wp\/v2\/posts"}],"about":[{"href":"https:\/\/cdnoticias.com\/index.php\/wp-json\/wp\/v2\/types\/post"}],"author":[{"embeddable":true,"href":"https:\/\/cdnoticias.com\/index.php\/wp-json\/wp\/v2\/users\/3"}],"replies":[{"embeddable":true,"href":"https:\/\/cdnoticias.com\/index.php\/wp-json\/wp\/v2\/comments?post=38913"}],"version-history":[{"count":0,"href":"https:\/\/cdnoticias.com\/index.php\/wp-json\/wp\/v2\/posts\/38913\/revisions"}],"wp:featuredmedia":[{"embeddable":true,"href":"https:\/\/cdnoticias.com\/index.php\/wp-json\/wp\/v2\/media\/38914"}],"wp:attachment":[{"href":"https:\/\/cdnoticias.com\/index.php\/wp-json\/wp\/v2\/media?parent=38913"}],"wp:term":[{"taxonomy":"category","embeddable":true,"href":"https:\/\/cdnoticias.com\/index.php\/wp-json\/wp\/v2\/categories?post=38913"},{"taxonomy":"post_tag","embeddable":true,"href":"https:\/\/cdnoticias.com\/index.php\/wp-json\/wp\/v2\/tags?post=38913"}],"curies":[{"name":"wp","href":"https:\/\/api.w.org\/{rel}","templated":true}]}}