{"id":3886,"date":"2020-10-14T08:41:07","date_gmt":"2020-10-14T11:41:07","guid":{"rendered":"http:\/\/www.centraldenoticias.com.ar\/?p=3886"},"modified":"2020-10-14T10:19:07","modified_gmt":"2020-10-14T13:19:07","slug":"trabajadores-municipales-se-declararon-en-alerta-y-movilizacion","status":"publish","type":"post","link":"https:\/\/cdnoticias.com\/index.php\/2020\/10\/14\/trabajadores-municipales-se-declararon-en-alerta-y-movilizacion\/","title":{"rendered":"Trabajadores Municipales se declararon en \u201calerta y movilizaci\u00f3n\u201d"},"content":{"rendered":"<p>Fue tras una segunda reuni\u00f3n paritaria desarrollada el lunes pasado y \u201cante la ausencia de respuesta por parte del Ejecutivo a la propuesta manifestada por nuestros representantes en la primera reuni\u00f3n\u201d. Piden de forma \u201curgente\u201d reconstruir la situaci\u00f3n laboral.<!--more--><\/p>\n<hr \/>\n<p>En la jornada de este mi\u00e9rcoles, <strong>el Sindicato de Trabajadores Municipales de Olavarr\u00eda inform\u00f3 a los afiliados que se declararon en \u201cestado de alerta y movilizaci\u00f3n\u201d teniendo en cuenta las \u201causencias\u201d de respuesta del Municipio en la \u00faltima reuni\u00f3n paritaria.<\/strong><\/p>\n<p>&nbsp;<\/p>\n<p>Seg\u00fan el comunicado emitido, <strong>el encuentro se desarroll\u00f3 el pasado lunes en el complejo sindical<\/strong> y all\u00ed <em>\u201cante la ausencia de respuesta por parte del Ejecutivo a la propuesta manifestada por nuestros representantes en la primera reuni\u00f3n paritaria llevada a cabo el d\u00eda jueves 8 de octubre en el Sal\u00f3n Rivadavia y que cont\u00f3 con la presencia del intendente municipal Dr. Ezequiel Galli\u201d<\/em> decidieron profundizar las medidas de reclamo.<\/p>\n<p>&nbsp;<\/p>\n<p>El sindicato expres\u00f3 que <strong>las paritarias <em>\u201cest\u00e1n demoradas desde mayo\u201d<\/em><\/strong> teniendo en cuenta la pandemia por COVID-19. <em>\u201cEn este lapso, el deterioro econ\u00f3mico de nuestros salarios y el modo de contrataci\u00f3n con p\u00e9rdidas de derechos laborales hacen insostenible esta situaci\u00f3n, raz\u00f3n por la cual la organizaci\u00f3n sindical considera de forma urgente reconstruir la situaci\u00f3n laboral que afecta a todos los compa\u00f1eros\u201d.<\/em><\/p>\n<p>&nbsp;<\/p>\n<p>De esta forma,<strong> la comisi\u00f3n directiva encabezada por Jos\u00e9 Stuppia decidi\u00f3 tomar la medida<\/strong>, que por ahora ser\u00e1 exigir a la comuna una respuesta urgente en materia salarial.<\/p>\n","protected":false},"excerpt":{"rendered":"<p>Fue tras una segunda reuni\u00f3n paritaria desarrollada el lunes pasado y \u201cante la ausencia de respuesta por parte del Ejecutivo<\/p>\n","protected":false},"author":2,"featured_media":3887,"comment_status":"closed","ping_status":"closed","sticky":false,"template":"","format":"standard","meta":{"_jetpack_memberships_contains_paid_content":false,"footnotes":""},"categories":[5,1],"tags":[],"class_list":["post-3886","post","type-post","status-publish","format-standard","has-post-thumbnail","hentry","category-informacion-general","category-portada"],"jetpack_featured_media_url":"https:\/\/i0.wp.com\/cdnoticias.com\/wp-content\/uploads\/2020\/10\/stmo.jpg?fit=960%2C720&ssl=1","jetpack_sharing_enabled":true,"_links":{"self":[{"href":"https:\/\/cdnoticias.com\/index.php\/wp-json\/wp\/v2\/posts\/3886","targetHints":{"allow":["GET"]}}],"collection":[{"href":"https:\/\/cdnoticias.com\/index.php\/wp-json\/wp\/v2\/posts"}],"about":[{"href":"https:\/\/cdnoticias.com\/index.php\/wp-json\/wp\/v2\/types\/post"}],"author":[{"embeddable":true,"href":"https:\/\/cdnoticias.com\/index.php\/wp-json\/wp\/v2\/users\/2"}],"replies":[{"embeddable":true,"href":"https:\/\/cdnoticias.com\/index.php\/wp-json\/wp\/v2\/comments?post=3886"}],"version-history":[{"count":0,"href":"https:\/\/cdnoticias.com\/index.php\/wp-json\/wp\/v2\/posts\/3886\/revisions"}],"wp:featuredmedia":[{"embeddable":true,"href":"https:\/\/cdnoticias.com\/index.php\/wp-json\/wp\/v2\/media\/3887"}],"wp:attachment":[{"href":"https:\/\/cdnoticias.com\/index.php\/wp-json\/wp\/v2\/media?parent=3886"}],"wp:term":[{"taxonomy":"category","embeddable":true,"href":"https:\/\/cdnoticias.com\/index.php\/wp-json\/wp\/v2\/categories?post=3886"},{"taxonomy":"post_tag","embeddable":true,"href":"https:\/\/cdnoticias.com\/index.php\/wp-json\/wp\/v2\/tags?post=3886"}],"curies":[{"name":"wp","href":"https:\/\/api.w.org\/{rel}","templated":true}]}}