{"id":38848,"date":"2021-11-15T18:21:43","date_gmt":"2021-11-15T21:21:43","guid":{"rendered":"http:\/\/www.centraldenoticias.com.ar\/?p=38848"},"modified":"2021-11-16T09:28:41","modified_gmt":"2021-11-16T12:28:41","slug":"se-realizo-en-hinojo-un-nuevo-homenaje-a-los-tripulantes-del-ara-san-juan","status":"publish","type":"post","link":"https:\/\/cdnoticias.com\/index.php\/2021\/11\/15\/se-realizo-en-hinojo-un-nuevo-homenaje-a-los-tripulantes-del-ara-san-juan\/","title":{"rendered":"Se realiz\u00f3 en Hinojo un nuevo homenaje a los tripulantes del ARA San Juan"},"content":{"rendered":"<p>Se desarroll\u00f3 en horas de la tarde de este lunes y participaron, entre otros, el intendente municipal y los padres de Diego Wagner Clar, uno de los 44 tripulantes del submarino.<!--more--><\/p>\n<hr \/>\n<p>En la tarde de este lunes,<strong> el intendente Ezequiel Galli encabez\u00f3, junto con Emilio Wagner y Catalina Clar, el acto homenaje a los h\u00e9roes del Submarino ARA San Juan<\/strong>, que tuvo lugar el anfiteatro Roye Lacoste de Hinojo, con la colaboraci\u00f3n y apoyo de muchos vecinos e instituciones. Vale recordar que tambi\u00e9n en la jornada de este lunes <a href=\"https:\/\/cdnoticias.com\/index.php\/2021\/11\/15\/en-un-emotivo-acto-descubrieron-la-calle-diego-wagner-clar\/\" target=\"_blank\" rel=\"noopener\">se le puso el nombre de Diego Wagner Clar a la calle Vergara.<\/a><\/p>\n<p>&nbsp;<\/p>\n<p><img data-recalc-dims=\"1\" loading=\"lazy\" decoding=\"async\" class=\"alignnone size-large wp-image-38797\" src=\"https:\/\/i0.wp.com\/cdnoticias.com\/wp-content\/uploads\/2021\/11\/wagner-calle7.jpg?resize=800%2C445&#038;ssl=1\" alt=\"\" width=\"800\" height=\"445\" srcset=\"https:\/\/i0.wp.com\/cdnoticias.com\/wp-content\/uploads\/2021\/11\/wagner-calle7.jpg?resize=1024%2C570&amp;ssl=1 1024w, https:\/\/i0.wp.com\/cdnoticias.com\/wp-content\/uploads\/2021\/11\/wagner-calle7.jpg?resize=300%2C167&amp;ssl=1 300w, https:\/\/i0.wp.com\/cdnoticias.com\/wp-content\/uploads\/2021\/11\/wagner-calle7.jpg?resize=768%2C427&amp;ssl=1 768w, https:\/\/i0.wp.com\/cdnoticias.com\/wp-content\/uploads\/2021\/11\/wagner-calle7.jpg?resize=800%2C445&amp;ssl=1 800w, https:\/\/i0.wp.com\/cdnoticias.com\/wp-content\/uploads\/2021\/11\/wagner-calle7.jpg?w=1600&amp;ssl=1 1600w\" sizes=\"auto, (max-width: 800px) 100vw, 800px\" \/><\/p>\n<p>&nbsp;<\/p>\n<p>El emotivo acto cont\u00f3 tambi\u00e9n con la presencia del Jefe del Arsenal Naval Mar del Plata Capit\u00e1n de Nav\u00edo Daniel Jorge Rajcevic, Suboficial Mayor Dami\u00e1n Nu\u00f1ez, Suboficial Primero Ad\u00e1n Ordo\u00f1ez, por Base Nacal Azopardo Teniente de Fragata Mariano Acosta, el jefe de Regimiento de Caballer\u00eda de Tanques II Teniente Coronel Cristian Castellanos, el jefe del escuadr\u00f3n de Ingenieros Blindados I Mayor Fernando Etcheverry, familiares, amigos y compa\u00f1eros de Diego Wagner de la Escuela Naval Promoci\u00f3n 133, autoridades municipales, Asociaci\u00f3n de Submarinistas Argentinos, concejales, Agrupaci\u00f3n Veteranos de Guerra 2 de Abril, Bomberos Voluntarios, Efectivos de la Polic\u00eda de la Provincia de Buenos Aires y vecinos de la comunidad.<\/p>\n<p>&nbsp;<\/p>\n<p><img data-recalc-dims=\"1\" loading=\"lazy\" decoding=\"async\" class=\"alignnone size-large wp-image-38852\" src=\"https:\/\/i0.wp.com\/cdnoticias.com\/wp-content\/uploads\/2021\/11\/Acto-Ara-San-Juan-Hinojo-2-scaled.jpg?resize=800%2C534&#038;ssl=1\" alt=\"\" width=\"800\" height=\"534\" srcset=\"https:\/\/i0.wp.com\/cdnoticias.com\/wp-content\/uploads\/2021\/11\/Acto-Ara-San-Juan-Hinojo-2-scaled.jpg?resize=1024%2C684&amp;ssl=1 1024w, https:\/\/i0.wp.com\/cdnoticias.com\/wp-content\/uploads\/2021\/11\/Acto-Ara-San-Juan-Hinojo-2-scaled.jpg?resize=300%2C201&amp;ssl=1 300w, https:\/\/i0.wp.com\/cdnoticias.com\/wp-content\/uploads\/2021\/11\/Acto-Ara-San-Juan-Hinojo-2-scaled.jpg?resize=768%2C513&amp;ssl=1 768w, https:\/\/i0.wp.com\/cdnoticias.com\/wp-content\/uploads\/2021\/11\/Acto-Ara-San-Juan-Hinojo-2-scaled.jpg?resize=272%2C182&amp;ssl=1 272w, https:\/\/i0.wp.com\/cdnoticias.com\/wp-content\/uploads\/2021\/11\/Acto-Ara-San-Juan-Hinojo-2-scaled.jpg?w=1600&amp;ssl=1 1600w, https:\/\/i0.wp.com\/cdnoticias.com\/wp-content\/uploads\/2021\/11\/Acto-Ara-San-Juan-Hinojo-2-scaled.jpg?w=2400&amp;ssl=1 2400w\" sizes=\"auto, (max-width: 800px) 100vw, 800px\" \/><\/p>\n<p>&nbsp;<\/p>\n<p><strong>Para dar comienzo a la ceremonia, se entonaron las estrofas del Himno Nacional Argentino y luego se procedi\u00f3 a la colocaci\u00f3n de palmas al pie de la r\u00e9plica del submarino<\/strong>, al tiempo que Mar\u00eda Julia Meli\u00e1 interpretaba una melod\u00eda. Por la Municipalidad de Olavarr\u00eda lo hizo el intendente Ezequiel Galli junto al secretario de Desarrollo Humano y Calidad de Vida Diego Robbiani; por la Armada Argentina y la Promoci\u00f3n 133 colocaron el Jefe del Arsenal Naval Mar del Plata Capit\u00e1n de Nav\u00edo Daniel Jorge Rajcevic y el Capit\u00e1n de Corbeta Daniel Dakeli; finalmente Lucas Errobidart y Claudio Rojas lo hicieron en representaci\u00f3n de la familia y amigos de Diego Wagner.<\/p>\n<p>&nbsp;<\/p>\n<p><img data-recalc-dims=\"1\" loading=\"lazy\" decoding=\"async\" class=\"alignnone size-large wp-image-38850\" src=\"https:\/\/i0.wp.com\/cdnoticias.com\/wp-content\/uploads\/2021\/11\/Acto-Ara-San-Juan-Hinojo-3-scaled.jpg?resize=800%2C534&#038;ssl=1\" alt=\"\" width=\"800\" height=\"534\" srcset=\"https:\/\/i0.wp.com\/cdnoticias.com\/wp-content\/uploads\/2021\/11\/Acto-Ara-San-Juan-Hinojo-3-scaled.jpg?resize=1024%2C684&amp;ssl=1 1024w, https:\/\/i0.wp.com\/cdnoticias.com\/wp-content\/uploads\/2021\/11\/Acto-Ara-San-Juan-Hinojo-3-scaled.jpg?resize=300%2C201&amp;ssl=1 300w, https:\/\/i0.wp.com\/cdnoticias.com\/wp-content\/uploads\/2021\/11\/Acto-Ara-San-Juan-Hinojo-3-scaled.jpg?resize=768%2C513&amp;ssl=1 768w, https:\/\/i0.wp.com\/cdnoticias.com\/wp-content\/uploads\/2021\/11\/Acto-Ara-San-Juan-Hinojo-3-scaled.jpg?resize=272%2C182&amp;ssl=1 272w, https:\/\/i0.wp.com\/cdnoticias.com\/wp-content\/uploads\/2021\/11\/Acto-Ara-San-Juan-Hinojo-3-scaled.jpg?w=1600&amp;ssl=1 1600w, https:\/\/i0.wp.com\/cdnoticias.com\/wp-content\/uploads\/2021\/11\/Acto-Ara-San-Juan-Hinojo-3-scaled.jpg?w=2400&amp;ssl=1 2400w\" sizes=\"auto, (max-width: 800px) 100vw, 800px\" \/><\/p>\n<p>&nbsp;<\/p>\n<p>Tras el minuto de silencio, en respeto y admiraci\u00f3n eterna a los 44 h\u00e9roes que patrullan eternamente, <strong>el padre Jos\u00e9 Mar\u00eda Quatroccio realiz\u00f3 la bendici\u00f3n. Patricia Solle tom\u00f3 la palabra y luego Juan Carlos Vanegas y Pablo Barcel\u00f3 interpretaron dos canciones<\/strong>.<\/p>\n<p>&nbsp;<\/p>\n<p><img data-recalc-dims=\"1\" loading=\"lazy\" decoding=\"async\" class=\"alignnone size-large wp-image-38849\" src=\"https:\/\/i0.wp.com\/cdnoticias.com\/wp-content\/uploads\/2021\/11\/Acto-Ara-San-Juan-Hinojo-5-scaled.jpg?resize=800%2C534&#038;ssl=1\" alt=\"\" width=\"800\" height=\"534\" srcset=\"https:\/\/i0.wp.com\/cdnoticias.com\/wp-content\/uploads\/2021\/11\/Acto-Ara-San-Juan-Hinojo-5-scaled.jpg?resize=1024%2C684&amp;ssl=1 1024w, https:\/\/i0.wp.com\/cdnoticias.com\/wp-content\/uploads\/2021\/11\/Acto-Ara-San-Juan-Hinojo-5-scaled.jpg?resize=300%2C201&amp;ssl=1 300w, https:\/\/i0.wp.com\/cdnoticias.com\/wp-content\/uploads\/2021\/11\/Acto-Ara-San-Juan-Hinojo-5-scaled.jpg?resize=768%2C513&amp;ssl=1 768w, https:\/\/i0.wp.com\/cdnoticias.com\/wp-content\/uploads\/2021\/11\/Acto-Ara-San-Juan-Hinojo-5-scaled.jpg?resize=272%2C182&amp;ssl=1 272w, https:\/\/i0.wp.com\/cdnoticias.com\/wp-content\/uploads\/2021\/11\/Acto-Ara-San-Juan-Hinojo-5-scaled.jpg?w=1600&amp;ssl=1 1600w, https:\/\/i0.wp.com\/cdnoticias.com\/wp-content\/uploads\/2021\/11\/Acto-Ara-San-Juan-Hinojo-5-scaled.jpg?w=2400&amp;ssl=1 2400w\" sizes=\"auto, (max-width: 800px) 100vw, 800px\" \/><\/p>\n<p>&nbsp;<\/p>\n<p><strong>El Capit\u00e1n de Corbeta Daniel Dakeli y Patricia Solle descubrieron una placa en honor y gloria a Diego Manuel Wagner y Fernando Ariel Mendoza, firmada por sus camaradas y amigo<\/strong>s. Tras la entonaci\u00f3n de la Marcha de la Armada, tom\u00f3 la palabra el Suboficial Mayor Submarinista Juan Carlos Sampaoli y el acto concluy\u00f3 con una interpretaci\u00f3n de Marcos Mart\u00ednez.<\/p>\n","protected":false},"excerpt":{"rendered":"<p>Se desarroll\u00f3 en horas de la tarde de este lunes y participaron, entre otros, el intendente municipal y los padres<\/p>\n","protected":false},"author":3,"featured_media":38851,"comment_status":"closed","ping_status":"closed","sticky":false,"template":"","format":"standard","meta":{"_jetpack_memberships_contains_paid_content":false,"footnotes":""},"categories":[5,1],"tags":[],"class_list":["post-38848","post","type-post","status-publish","format-standard","has-post-thumbnail","hentry","category-informacion-general","category-portada"],"jetpack_featured_media_url":"https:\/\/i0.wp.com\/cdnoticias.com\/wp-content\/uploads\/2021\/11\/Acto-Ara-San-Juan-Hinojo-1-scaled.jpg?fit=2560%2C1711&ssl=1","jetpack_sharing_enabled":true,"_links":{"self":[{"href":"https:\/\/cdnoticias.com\/index.php\/wp-json\/wp\/v2\/posts\/38848","targetHints":{"allow":["GET"]}}],"collection":[{"href":"https:\/\/cdnoticias.com\/index.php\/wp-json\/wp\/v2\/posts"}],"about":[{"href":"https:\/\/cdnoticias.com\/index.php\/wp-json\/wp\/v2\/types\/post"}],"author":[{"embeddable":true,"href":"https:\/\/cdnoticias.com\/index.php\/wp-json\/wp\/v2\/users\/3"}],"replies":[{"embeddable":true,"href":"https:\/\/cdnoticias.com\/index.php\/wp-json\/wp\/v2\/comments?post=38848"}],"version-history":[{"count":0,"href":"https:\/\/cdnoticias.com\/index.php\/wp-json\/wp\/v2\/posts\/38848\/revisions"}],"wp:featuredmedia":[{"embeddable":true,"href":"https:\/\/cdnoticias.com\/index.php\/wp-json\/wp\/v2\/media\/38851"}],"wp:attachment":[{"href":"https:\/\/cdnoticias.com\/index.php\/wp-json\/wp\/v2\/media?parent=38848"}],"wp:term":[{"taxonomy":"category","embeddable":true,"href":"https:\/\/cdnoticias.com\/index.php\/wp-json\/wp\/v2\/categories?post=38848"},{"taxonomy":"post_tag","embeddable":true,"href":"https:\/\/cdnoticias.com\/index.php\/wp-json\/wp\/v2\/tags?post=38848"}],"curies":[{"name":"wp","href":"https:\/\/api.w.org\/{rel}","templated":true}]}}