{"id":38834,"date":"2021-11-17T08:42:45","date_gmt":"2021-11-17T11:42:45","guid":{"rendered":"http:\/\/www.centraldenoticias.com.ar\/?p=38834"},"modified":"2021-11-17T08:42:45","modified_gmt":"2021-11-17T11:42:45","slug":"el-gobierno-oficializo-el-cronograma-de-feriados-nacionales-para-el-2022","status":"publish","type":"post","link":"https:\/\/cdnoticias.com\/index.php\/2021\/11\/17\/el-gobierno-oficializo-el-cronograma-de-feriados-nacionales-para-el-2022\/","title":{"rendered":"El Gobierno oficializ\u00f3 el cronograma de feriados nacionales para el 2022"},"content":{"rendered":"<p>Prev\u00e9 12 inamovibles, dos trasladables y tres con fines tur\u00edsticos.<!--more--><\/p>\n<hr \/>\n<p>&nbsp;<\/p>\n<p>El <strong>Gobierno oficializ\u00f3 este lunes el cronograma de feriados para el a\u00f1o pr\u00f3ximo<\/strong>, que prev\u00e9 <strong>12 feriados inamovibles, dos trasladables y tres con fines tur\u00edsticos.<\/strong> As\u00ed lo hizo mediante el decreto 789, publicado en el <strong>Bolet\u00edn Oficial,<\/strong> donde se destaca la importancia de que se establezcan \u201cd\u00edas feriados o no laborables destinados a promover la actividad tur\u00edstica, que deber\u00e1n coincidir con los d\u00edas lunes o viernes\u201d.<\/p>\n<p>&nbsp;<\/p>\n<p>Para <strong>2022,<\/strong> esos d\u00edas fueron <strong>fijados<\/strong> para el <strong>7 de octubre, el 21 de noviembre y el 9 de diciembre.<\/strong> En tanto, los <strong>feriados inamovibles<\/strong> son: el<strong> 1\u00b0 de enero<\/strong> (A\u00f1o Nuevo); <strong>28 de febrero y 1\u00b0 de marzo<\/strong> (Feriados de Carnaval); <strong>el 24 de marzo<\/strong> (D\u00eda Nacional de la Memoria por la Verdad y la Justicia); <strong>el 2 de abril<\/strong> (D\u00eda del Veterano y de los Ca\u00eddos en la Guerra de Malvinas) y el <strong>15 de abril<\/strong> (Viernes Santo).<\/p>\n<p>&nbsp;<\/p>\n<p>Tambi\u00e9n ser\u00e1n<strong> inamovibles<\/strong>: el<strong> 1\u00b0 de mayo<\/strong> (D\u00eda del Trabajador); el<strong> 25 de mayo<\/strong> (D\u00eda de la Revoluci\u00f3n de Mayo); el <strong>20 de junio<\/strong> (Paso a la Inmortalidad del General Manuel Belgrano); el<strong> 9 de julio<\/strong> (D\u00eda de la Independencia);<strong> 8 de diciembre<\/strong> (D\u00eda de la Inmaculada Concepci\u00f3n de Mar\u00eda) y el <strong>25 de diciembre<\/strong> (Navidad).<\/p>\n<p>&nbsp;<\/p>\n<p>Asimismo, <strong>uno de los feriados trasladables corresponder\u00eda al 17 de junio<\/strong> (Paso a la Inmortalidad del General Don Mart\u00edn Miguel de G\u00fcemes), pero se celebrar\u00e1 el mismo viernes porque no se puede trasladar al lunes siguiente ya que coincide con el 20 de junio.<\/p>\n<p>&nbsp;<\/p>\n<p>Otro <strong>feriado trasladable de 2022 ser\u00e1 el 17 de agosto<\/strong> (Paso a la Inmortalidad del General Jos\u00e9 de San Mart\u00edn), que se celebrar\u00e1 el 15 de agosto, y <strong>el 12 de octubre<\/strong> (D\u00eda del Respeto a la Diversidad Cultural), que se adelantar\u00e1 al<strong> 10 de octubre.<\/strong><\/p>\n<p>&nbsp;<\/p>\n<p>De esta forma, el<strong> pr\u00f3ximo a\u00f1o contar\u00e1 con cuatro fines de semana largos, de cuatro d\u00edas cada uno:<\/strong> desde el<strong> s\u00e1bado 26 de febrero al martes 1\u00b0 de marzo;<\/strong> desde el <strong>viernes 17 al lunes 20 de junio;<\/strong> desde el <strong>viernes 7 al lunes 10 de octubre<\/strong>; y desde el <strong>jueves 8 al domingo 11 de diciembre.<\/strong><\/p>\n<p>&nbsp;<\/p>\n<p>El <strong>decreto que oficializ\u00f3 el cronograma de feriados<\/strong> <strong>lleva las firmas del presidente Alberto Fern\u00e1ndez<\/strong>, del jefe de Gabinete, <strong>Juan Manzur<\/strong>; y del ministro del Interior, <strong>Eduardo De Pedro<\/strong>.<\/p>\n<p>&nbsp;<\/p>\n<p><em>Fuente: DIB<\/em><\/p>\n","protected":false},"excerpt":{"rendered":"<p>Prev\u00e9 12 inamovibles, dos trasladables y tres con fines tur\u00edsticos.<\/p>\n","protected":false},"author":6,"featured_media":24337,"comment_status":"closed","ping_status":"closed","sticky":false,"template":"","format":"standard","meta":{"_jetpack_memberships_contains_paid_content":false,"footnotes":""},"categories":[6,1],"tags":[],"class_list":["post-38834","post","type-post","status-publish","format-standard","has-post-thumbnail","hentry","category-nacionales","category-portada"],"jetpack_featured_media_url":"https:\/\/i0.wp.com\/cdnoticias.com\/wp-content\/uploads\/2021\/06\/feriados-2021-argentina-e1763411187108.jpg?fit=799%2C377&ssl=1","jetpack_sharing_enabled":true,"_links":{"self":[{"href":"https:\/\/cdnoticias.com\/index.php\/wp-json\/wp\/v2\/posts\/38834","targetHints":{"allow":["GET"]}}],"collection":[{"href":"https:\/\/cdnoticias.com\/index.php\/wp-json\/wp\/v2\/posts"}],"about":[{"href":"https:\/\/cdnoticias.com\/index.php\/wp-json\/wp\/v2\/types\/post"}],"author":[{"embeddable":true,"href":"https:\/\/cdnoticias.com\/index.php\/wp-json\/wp\/v2\/users\/6"}],"replies":[{"embeddable":true,"href":"https:\/\/cdnoticias.com\/index.php\/wp-json\/wp\/v2\/comments?post=38834"}],"version-history":[{"count":0,"href":"https:\/\/cdnoticias.com\/index.php\/wp-json\/wp\/v2\/posts\/38834\/revisions"}],"wp:featuredmedia":[{"embeddable":true,"href":"https:\/\/cdnoticias.com\/index.php\/wp-json\/wp\/v2\/media\/24337"}],"wp:attachment":[{"href":"https:\/\/cdnoticias.com\/index.php\/wp-json\/wp\/v2\/media?parent=38834"}],"wp:term":[{"taxonomy":"category","embeddable":true,"href":"https:\/\/cdnoticias.com\/index.php\/wp-json\/wp\/v2\/categories?post=38834"},{"taxonomy":"post_tag","embeddable":true,"href":"https:\/\/cdnoticias.com\/index.php\/wp-json\/wp\/v2\/tags?post=38834"}],"curies":[{"name":"wp","href":"https:\/\/api.w.org\/{rel}","templated":true}]}}