{"id":38828,"date":"2021-11-15T17:00:16","date_gmt":"2021-11-15T20:00:16","guid":{"rendered":"http:\/\/www.centraldenoticias.com.ar\/?p=38828"},"modified":"2021-11-15T17:00:16","modified_gmt":"2021-11-15T20:00:16","slug":"conversatorio-embichadxs-enfoques-mediaticos-sobre-vih-y-covid19","status":"publish","type":"post","link":"https:\/\/cdnoticias.com\/index.php\/2021\/11\/15\/conversatorio-embichadxs-enfoques-mediaticos-sobre-vih-y-covid19\/","title":{"rendered":"Conversatorio Embichadxs: \u201cEnfoques medi\u00e1ticos sobre VIH y COVID19\u201d"},"content":{"rendered":"<p>Ser\u00e1 el 18 de noviembre desde las 18.30 en el marco de los 40 a\u00f1os de la aparici\u00f3n del VIH\/Sida. Participar\u00e1n la Lic. Vanina Lombardi, el Dr. Jorge Geffner y la Lic. Fernanda \u00c1lvarez. El Conversatorio se transmitir\u00e1 en vivo por YouTube.<!--more--><\/p>\n<hr \/>\n<p><strong>Embichadxs: \u201cEnfoques medi\u00e1ticos sobre VIH y COVID19\u201d,<\/strong> es una propuesta organizada por la C\u00e1tedra Libre Sexualidades, G\u00e9neros y Derechos Humanos, el Programa Chesida, la c\u00e1tedra de Periodismo Cient\u00edfico y el Observatorio de Medios (FACSO-UNICEN).<\/p>\n<p>&nbsp;<\/p>\n<p>La actividad se promueve <strong>en el marco de los 40 a\u00f1os de la aparici\u00f3n del VIH\/Sida que se cumplieron el pasado 5 de junio.<\/strong> El prop\u00f3sito es generar un espacio de di\u00e1logo, debate y reflexi\u00f3n colectiva sobre los discursos y los roles de los medios de comunicaci\u00f3n en relaci\u00f3n a la pandemia del COVID-19 y su intr\u00ednseca relaci\u00f3n con los discursos que se promovieron en torno a la pandemia del VIH\/Sida.<\/p>\n<p>&nbsp;<\/p>\n<blockquote><p>El conversatorio se transmitir\u00e1 en vivo a trav\u00e9s del Canal de YouTube de la Facultad de Ciencias Sociales, el pr\u00f3ximo jueves 18 de noviembre desde las 18.30 horas.<\/p><\/blockquote>\n<p>&nbsp;<\/p>\n<p><img data-recalc-dims=\"1\" loading=\"lazy\" decoding=\"async\" class=\"alignnone size-full wp-image-38829\" src=\"https:\/\/i0.wp.com\/cdnoticias.com\/wp-content\/uploads\/2021\/11\/embichados.jpg?resize=800%2C798&#038;ssl=1\" alt=\"\" width=\"800\" height=\"798\" srcset=\"https:\/\/i0.wp.com\/cdnoticias.com\/wp-content\/uploads\/2021\/11\/embichados.jpg?w=800&amp;ssl=1 800w, https:\/\/i0.wp.com\/cdnoticias.com\/wp-content\/uploads\/2021\/11\/embichados.jpg?resize=150%2C150&amp;ssl=1 150w, https:\/\/i0.wp.com\/cdnoticias.com\/wp-content\/uploads\/2021\/11\/embichados.jpg?resize=300%2C300&amp;ssl=1 300w, https:\/\/i0.wp.com\/cdnoticias.com\/wp-content\/uploads\/2021\/11\/embichados.jpg?resize=768%2C766&amp;ssl=1 768w\" sizes=\"auto, (max-width: 800px) 100vw, 800px\" \/><\/p>\n<p>&nbsp;<\/p>\n<p>La actividad ser\u00e1 moderada por la Mag. Mar\u00eda Victoria Ennis. Contar\u00e1 con la participaci\u00f3n de la Lic. Vanina Lombardi, el Dr. Jorge Geffner y la Lic. Fernanda \u00c1lvarez.<\/p>\n","protected":false},"excerpt":{"rendered":"<p>Ser\u00e1 el 18 de noviembre desde las 18.30 en el marco de los 40 a\u00f1os de la aparici\u00f3n del VIH\/Sida.<\/p>\n","protected":false},"author":5,"featured_media":30018,"comment_status":"closed","ping_status":"closed","sticky":false,"template":"","format":"standard","meta":{"_jetpack_memberships_contains_paid_content":false,"footnotes":""},"categories":[5,1],"tags":[],"class_list":["post-38828","post","type-post","status-publish","format-standard","has-post-thumbnail","hentry","category-informacion-general","category-portada"],"jetpack_featured_media_url":"https:\/\/i0.wp.com\/cdnoticias.com\/wp-content\/uploads\/2021\/08\/Sede-Facultad.jpg?fit=1500%2C867&ssl=1","jetpack_sharing_enabled":true,"_links":{"self":[{"href":"https:\/\/cdnoticias.com\/index.php\/wp-json\/wp\/v2\/posts\/38828","targetHints":{"allow":["GET"]}}],"collection":[{"href":"https:\/\/cdnoticias.com\/index.php\/wp-json\/wp\/v2\/posts"}],"about":[{"href":"https:\/\/cdnoticias.com\/index.php\/wp-json\/wp\/v2\/types\/post"}],"author":[{"embeddable":true,"href":"https:\/\/cdnoticias.com\/index.php\/wp-json\/wp\/v2\/users\/5"}],"replies":[{"embeddable":true,"href":"https:\/\/cdnoticias.com\/index.php\/wp-json\/wp\/v2\/comments?post=38828"}],"version-history":[{"count":0,"href":"https:\/\/cdnoticias.com\/index.php\/wp-json\/wp\/v2\/posts\/38828\/revisions"}],"wp:featuredmedia":[{"embeddable":true,"href":"https:\/\/cdnoticias.com\/index.php\/wp-json\/wp\/v2\/media\/30018"}],"wp:attachment":[{"href":"https:\/\/cdnoticias.com\/index.php\/wp-json\/wp\/v2\/media?parent=38828"}],"wp:term":[{"taxonomy":"category","embeddable":true,"href":"https:\/\/cdnoticias.com\/index.php\/wp-json\/wp\/v2\/categories?post=38828"},{"taxonomy":"post_tag","embeddable":true,"href":"https:\/\/cdnoticias.com\/index.php\/wp-json\/wp\/v2\/tags?post=38828"}],"curies":[{"name":"wp","href":"https:\/\/api.w.org\/{rel}","templated":true}]}}