{"id":38821,"date":"2021-11-15T13:44:13","date_gmt":"2021-11-15T16:44:13","guid":{"rendered":"http:\/\/www.centraldenoticias.com.ar\/?p=38821"},"modified":"2021-11-15T13:44:13","modified_gmt":"2021-11-15T16:44:13","slug":"anibal-mario-garcia-q-e-p-d","status":"publish","type":"post","link":"https:\/\/cdnoticias.com\/index.php\/2021\/11\/15\/anibal-mario-garcia-q-e-p-d\/","title":{"rendered":"An\u00edbal Mario Garc\u00eda (Q.E.P.D.)"},"content":{"rendered":"<p>Falleci\u00f3 en Olavarr\u00eda el 15 de noviembre de 2021 a los 77 a\u00f1os. Su esposa Marta Occhi; sus hijos Susana, Natalia y Juan Cruz Garc\u00eda; sus hijos pol\u00edticos Roberto Donegana, Adri\u00e1n Mac\u00edas y Valeria Cardozo; sus nietos Suyai, Thiago, Zoe, Emilio, Camila, Hip\u00f3lito y Remigio; sus hermanos, sus hermanos pol\u00edticos, sus sobrinos y dem\u00e1s deudos participan su fallecimiento.<\/p>\n<p>&nbsp;<\/p>\n<p>Sus restos ser\u00e1n velados en la Sala de Espa\u00f1a 2942 departamento \u201cC\u201d este martes a las 06:30 horas, e inhumados en el Cementerio Municipal, previo responso en la Capilla Ardiente, a las 10:30.<\/p>\n<p>&nbsp;<\/p>\n<p>Nacido en Chacabuco, provincia de Buenos Aires, vecino de Sierra Chica, jubilado del Servicio Penitenciario.<\/p>\n","protected":false},"excerpt":{"rendered":"<p>Falleci\u00f3 en Olavarr\u00eda el 15 de noviembre de 2021 a los 77 a\u00f1os. Su esposa Marta Occhi; sus hijos Susana,<\/p>\n","protected":false},"author":2,"featured_media":0,"comment_status":"closed","ping_status":"closed","sticky":false,"template":"","format":"standard","meta":{"_jetpack_memberships_contains_paid_content":false,"footnotes":""},"categories":[10],"tags":[],"class_list":["post-38821","post","type-post","status-publish","format-standard","hentry","category-necrologicas"],"jetpack_featured_media_url":"","jetpack_sharing_enabled":true,"_links":{"self":[{"href":"https:\/\/cdnoticias.com\/index.php\/wp-json\/wp\/v2\/posts\/38821","targetHints":{"allow":["GET"]}}],"collection":[{"href":"https:\/\/cdnoticias.com\/index.php\/wp-json\/wp\/v2\/posts"}],"about":[{"href":"https:\/\/cdnoticias.com\/index.php\/wp-json\/wp\/v2\/types\/post"}],"author":[{"embeddable":true,"href":"https:\/\/cdnoticias.com\/index.php\/wp-json\/wp\/v2\/users\/2"}],"replies":[{"embeddable":true,"href":"https:\/\/cdnoticias.com\/index.php\/wp-json\/wp\/v2\/comments?post=38821"}],"version-history":[{"count":0,"href":"https:\/\/cdnoticias.com\/index.php\/wp-json\/wp\/v2\/posts\/38821\/revisions"}],"wp:attachment":[{"href":"https:\/\/cdnoticias.com\/index.php\/wp-json\/wp\/v2\/media?parent=38821"}],"wp:term":[{"taxonomy":"category","embeddable":true,"href":"https:\/\/cdnoticias.com\/index.php\/wp-json\/wp\/v2\/categories?post=38821"},{"taxonomy":"post_tag","embeddable":true,"href":"https:\/\/cdnoticias.com\/index.php\/wp-json\/wp\/v2\/tags?post=38821"}],"curies":[{"name":"wp","href":"https:\/\/api.w.org\/{rel}","templated":true}]}}