{"id":38814,"date":"2021-11-15T12:55:23","date_gmt":"2021-11-15T15:55:23","guid":{"rendered":"http:\/\/www.centraldenoticias.com.ar\/?p=38814"},"modified":"2021-11-15T12:55:23","modified_gmt":"2021-11-15T15:55:23","slug":"rige-un-alerta-amarillo-por-fuertes-vientos-para-olavarria","status":"publish","type":"post","link":"https:\/\/cdnoticias.com\/index.php\/2021\/11\/15\/rige-un-alerta-amarillo-por-fuertes-vientos-para-olavarria\/","title":{"rendered":"Rige un \u201calerta amarillo\u201d por fuertes vientos para Olavarr\u00eda"},"content":{"rendered":"<p>Se prev\u00e9 que el fen\u00f3meno suceda durante este lunes, sumado a tormentas aisladas y chaparrones.\u00a0<!--more--><\/p>\n<hr \/>\n<p>Informado por el Servicio Meteorol\u00f3gico Nacional,<strong> rige un \u201calerta amarillo\u201d por fuertes vientos para la ciudad, con importantes r\u00e1fagas pero, adem\u00e1s, con lluvias y chaparrones aislados.<\/strong><\/p>\n<p>&nbsp;<\/p>\n<p><strong>Las r\u00e1fagas de viento podr\u00edan alcanzar los 70 km\/h<\/strong>, y se prev\u00e9 que este fen\u00f3meno suceda durante el lunes. Se pidi\u00f3 a los vecinos estar atentos y tener los recaudos necesarios, tal como acontece en las alertas amarillas.<\/p>\n<p>&nbsp;<\/p>\n<p><img data-recalc-dims=\"1\" loading=\"lazy\" decoding=\"async\" class=\"alignnone size-full wp-image-38815\" src=\"https:\/\/i0.wp.com\/cdnoticias.com\/wp-content\/uploads\/2021\/11\/descarga-1.png?resize=472%2C607&#038;ssl=1\" alt=\"\" width=\"472\" height=\"607\" srcset=\"https:\/\/i0.wp.com\/cdnoticias.com\/wp-content\/uploads\/2021\/11\/descarga-1.png?w=472&amp;ssl=1 472w, https:\/\/i0.wp.com\/cdnoticias.com\/wp-content\/uploads\/2021\/11\/descarga-1.png?resize=233%2C300&amp;ssl=1 233w\" sizes=\"auto, (max-width: 472px) 100vw, 472px\" \/><\/p>\n<p>&nbsp;<\/p>\n<p>La particularidad, adem\u00e1s, <strong>es que se pronosticaron tormentas aisladas y chaparrones durante la tarde y la noche de este lunes en la ciudad, y se mantendr\u00edan durante la madrugada del martes.<\/strong><\/p>\n<p>&nbsp;<\/p>\n<p>Si bien la m\u00e1xima para este lunes est\u00e1 estimada en 25 grados, tras la lluvia <strong>la temperatura disminuir\u00e1 a 19 grados, y comenzar\u00e1 un incremento hasta el fin de semana, con 31 y 32 grados estimados. \u00bfSe viene el verano?<\/strong><\/p>\n","protected":false},"excerpt":{"rendered":"<p>Se prev\u00e9 que el fen\u00f3meno suceda durante este lunes, sumado a tormentas aisladas y chaparrones.\u00a0<\/p>\n","protected":false},"author":2,"featured_media":37655,"comment_status":"closed","ping_status":"closed","sticky":false,"template":"","format":"standard","meta":{"_jetpack_memberships_contains_paid_content":false,"footnotes":""},"categories":[5,1],"tags":[],"class_list":["post-38814","post","type-post","status-publish","format-standard","has-post-thumbnail","hentry","category-informacion-general","category-portada"],"jetpack_featured_media_url":"https:\/\/i0.wp.com\/cdnoticias.com\/wp-content\/uploads\/2021\/11\/WhatsApp-Image-2021-11-04-at-16.14.41.jpeg?fit=1599%2C1200&ssl=1","jetpack_sharing_enabled":true,"_links":{"self":[{"href":"https:\/\/cdnoticias.com\/index.php\/wp-json\/wp\/v2\/posts\/38814","targetHints":{"allow":["GET"]}}],"collection":[{"href":"https:\/\/cdnoticias.com\/index.php\/wp-json\/wp\/v2\/posts"}],"about":[{"href":"https:\/\/cdnoticias.com\/index.php\/wp-json\/wp\/v2\/types\/post"}],"author":[{"embeddable":true,"href":"https:\/\/cdnoticias.com\/index.php\/wp-json\/wp\/v2\/users\/2"}],"replies":[{"embeddable":true,"href":"https:\/\/cdnoticias.com\/index.php\/wp-json\/wp\/v2\/comments?post=38814"}],"version-history":[{"count":0,"href":"https:\/\/cdnoticias.com\/index.php\/wp-json\/wp\/v2\/posts\/38814\/revisions"}],"wp:featuredmedia":[{"embeddable":true,"href":"https:\/\/cdnoticias.com\/index.php\/wp-json\/wp\/v2\/media\/37655"}],"wp:attachment":[{"href":"https:\/\/cdnoticias.com\/index.php\/wp-json\/wp\/v2\/media?parent=38814"}],"wp:term":[{"taxonomy":"category","embeddable":true,"href":"https:\/\/cdnoticias.com\/index.php\/wp-json\/wp\/v2\/categories?post=38814"},{"taxonomy":"post_tag","embeddable":true,"href":"https:\/\/cdnoticias.com\/index.php\/wp-json\/wp\/v2\/tags?post=38814"}],"curies":[{"name":"wp","href":"https:\/\/api.w.org\/{rel}","templated":true}]}}