{"id":38810,"date":"2021-11-15T12:26:39","date_gmt":"2021-11-15T15:26:39","guid":{"rendered":"http:\/\/www.centraldenoticias.com.ar\/?p=38810"},"modified":"2021-11-15T12:26:39","modified_gmt":"2021-11-15T15:26:39","slug":"pilar-guardon-piris-viuda-de-elbey-q-e-p-d","status":"publish","type":"post","link":"https:\/\/cdnoticias.com\/index.php\/2021\/11\/15\/pilar-guardon-piris-viuda-de-elbey-q-e-p-d\/","title":{"rendered":"Pilar Guard\u00f3n Piris viuda de Elbey (Q.E.P.D.)"},"content":{"rendered":"<p>Falleci\u00f3 en Olavarr\u00eda el d\u00eda 15 de noviembre de 2021 a los 94 a\u00f1os de edad.<\/p>\n<p>&nbsp;<\/p>\n<p>Sus hijas: Mar\u00eda Rosana y Enriqueta \u00c1ngela Elbey. Su yerno: Alberto Melit\u00f3n. Sus nietos: Leandro, Silvina y Carolina Melit\u00f3n, Natalia \u00c1lvarez, Eliseo Acosta y Bernardo Baldino. Sus bisnietos: Joaqu\u00edn y Agust\u00edn Melit\u00f3n, Amparo y Lorenzo Acosta Melit\u00f3n y P\u00eda Baldino Melit\u00f3n. Su cu\u00f1ada: Rosa Elbey Vda de Mussi. Sus sobrinos, sobrinos pol\u00edticos y dem\u00e1s deudos participan su fallecimiento.<\/p>\n<p>&nbsp;<\/p>\n<p>Velatorio: Sala &#8220;D&#8221; de Espa\u00f1a 2942, comienza 13:30 horas. Responso: Capilla Ardiente. Inhumaci\u00f3n: Loma de Paz, lunes 15 de noviembre a las 15:30 horas. Servicio adherido a Coopelectric.<\/p>\n<p>&nbsp;<\/p>\n<p>Barrio en el que viv\u00eda: Mariano Moreno.<\/p>\n<p>&nbsp;<\/p>\n<p>Lugar de nacimiento: Carhu\u00e9.<\/p>\n<p>&nbsp;<\/p>\n<p>Actividad que desarrollaba: Jubilada y Pensionada.<\/p>\n","protected":false},"excerpt":{"rendered":"<p>Falleci\u00f3 en Olavarr\u00eda el d\u00eda 15 de noviembre de 2021 a los 94 a\u00f1os de edad. &nbsp; Sus hijas: Mar\u00eda<\/p>\n","protected":false},"author":4,"featured_media":0,"comment_status":"closed","ping_status":"closed","sticky":false,"template":"","format":"standard","meta":{"_jetpack_memberships_contains_paid_content":false,"footnotes":""},"categories":[10],"tags":[],"class_list":["post-38810","post","type-post","status-publish","format-standard","hentry","category-necrologicas"],"jetpack_featured_media_url":"","jetpack_sharing_enabled":true,"_links":{"self":[{"href":"https:\/\/cdnoticias.com\/index.php\/wp-json\/wp\/v2\/posts\/38810","targetHints":{"allow":["GET"]}}],"collection":[{"href":"https:\/\/cdnoticias.com\/index.php\/wp-json\/wp\/v2\/posts"}],"about":[{"href":"https:\/\/cdnoticias.com\/index.php\/wp-json\/wp\/v2\/types\/post"}],"author":[{"embeddable":true,"href":"https:\/\/cdnoticias.com\/index.php\/wp-json\/wp\/v2\/users\/4"}],"replies":[{"embeddable":true,"href":"https:\/\/cdnoticias.com\/index.php\/wp-json\/wp\/v2\/comments?post=38810"}],"version-history":[{"count":0,"href":"https:\/\/cdnoticias.com\/index.php\/wp-json\/wp\/v2\/posts\/38810\/revisions"}],"wp:attachment":[{"href":"https:\/\/cdnoticias.com\/index.php\/wp-json\/wp\/v2\/media?parent=38810"}],"wp:term":[{"taxonomy":"category","embeddable":true,"href":"https:\/\/cdnoticias.com\/index.php\/wp-json\/wp\/v2\/categories?post=38810"},{"taxonomy":"post_tag","embeddable":true,"href":"https:\/\/cdnoticias.com\/index.php\/wp-json\/wp\/v2\/tags?post=38810"}],"curies":[{"name":"wp","href":"https:\/\/api.w.org\/{rel}","templated":true}]}}