{"id":38805,"date":"2021-11-15T12:25:23","date_gmt":"2021-11-15T15:25:23","guid":{"rendered":"http:\/\/www.centraldenoticias.com.ar\/?p=38805"},"modified":"2021-11-15T12:25:23","modified_gmt":"2021-11-15T15:25:23","slug":"otorgan-la-mencion-de-honor-al-merito-empresarial-a-sinoma","status":"publish","type":"post","link":"https:\/\/cdnoticias.com\/index.php\/2021\/11\/15\/otorgan-la-mencion-de-honor-al-merito-empresarial-a-sinoma\/","title":{"rendered":"Otorgan la \u201cMenci\u00f3n de Honor al M\u00e9rito Empresarial\u201d a Sinoma"},"content":{"rendered":"<p>Es por \u201csu aporte al desarrollo econ\u00f3mico e industrial del Partido de Olavarr\u00eda\u201d. Fue la encargada de construir L\u2019Amal\u00ed II.\u00a0<!--more--><\/p>\n<hr \/>\n<p>En la ma\u00f1ana de este lunes, <strong>el intendente Ezequiel Galli recibi\u00f3 a directivos de la empresa Sinoma Argentina con motivo de hacer entrega del reconocimiento \u201cMenci\u00f3n de Honor al M\u00e9rito Empresarial\u201d<\/strong>, por <em>\u201csu aporte al desarrollo econ\u00f3mico e industrial del Partido de Olavarr\u00eda\u201d.<\/em><\/p>\n<p>&nbsp;<\/p>\n<p>El encuentro tuvo lugar en la Sala de Reuniones del Palacio San Mart\u00edn y en representaci\u00f3n de Sinoma se encontraban presentes Zhu Linhe (gerente general), Bai Yuquan (subgerente) y Zhang Wei (gerente de la obra L\u2019Amali L\u00ednea 2).<\/p>\n<p>&nbsp;<\/p>\n<p><img data-recalc-dims=\"1\" loading=\"lazy\" decoding=\"async\" class=\"alignnone size-large wp-image-38807\" src=\"https:\/\/i0.wp.com\/cdnoticias.com\/wp-content\/uploads\/2021\/11\/DE-Reunion-Sinoma-2-scaled.jpg?resize=800%2C534&#038;ssl=1\" alt=\"\" width=\"800\" height=\"534\" srcset=\"https:\/\/i0.wp.com\/cdnoticias.com\/wp-content\/uploads\/2021\/11\/DE-Reunion-Sinoma-2-scaled.jpg?resize=1024%2C684&amp;ssl=1 1024w, https:\/\/i0.wp.com\/cdnoticias.com\/wp-content\/uploads\/2021\/11\/DE-Reunion-Sinoma-2-scaled.jpg?resize=300%2C201&amp;ssl=1 300w, https:\/\/i0.wp.com\/cdnoticias.com\/wp-content\/uploads\/2021\/11\/DE-Reunion-Sinoma-2-scaled.jpg?resize=768%2C513&amp;ssl=1 768w, https:\/\/i0.wp.com\/cdnoticias.com\/wp-content\/uploads\/2021\/11\/DE-Reunion-Sinoma-2-scaled.jpg?resize=272%2C182&amp;ssl=1 272w, https:\/\/i0.wp.com\/cdnoticias.com\/wp-content\/uploads\/2021\/11\/DE-Reunion-Sinoma-2-scaled.jpg?w=1600&amp;ssl=1 1600w, https:\/\/i0.wp.com\/cdnoticias.com\/wp-content\/uploads\/2021\/11\/DE-Reunion-Sinoma-2-scaled.jpg?w=2400&amp;ssl=1 2400w\" sizes=\"auto, (max-width: 800px) 100vw, 800px\" \/><\/p>\n<p>&nbsp;<\/p>\n<p>Participaron adem\u00e1s los secretarios de Desarrollo Econ\u00f3mico Julio Valetutto y de Gobierno Hilario Galli y el subsecretario de Legal y T\u00e9cnica Marcelo Fabbi.<\/p>\n<p>&nbsp;<\/p>\n<p>\u201c<strong><em>Que una empresa tan importante haya elegido a Olavarr\u00eda, nos enorgullece\u201d<\/em><\/strong>, sostuvo Galli en el marco del encuentro con directivos de la firma.<\/p>\n<p>&nbsp;<\/p>\n<p>Cabe destacar que <strong>la empresa ha desarrollado la obra de ampliaci\u00f3n de la segunda l\u00ednea de producci\u00f3n de planta L\u2019Amal\u00ed de Loma Negra<\/strong>, que permiti\u00f3 generar m\u00e1s 1.700 puestos de trabajo, de manera directa e indirecta.<\/p>\n<p>&nbsp;<\/p>\n<blockquote><p>La obra de construcci\u00f3n ha movilizado m\u00e1s de 1.800 camiones y se han utilizado m\u00e1s de 75.000 metros c\u00fabicos de hormig\u00f3n. Adem\u00e1s, generar\u00e1 el procesamiento de 5.800 toneladas m\u00e1s por d\u00eda.<\/p><\/blockquote>\n<p>&nbsp;<\/p>\n<p>Estos n\u00fameros demuestran <em>\u201cla envergadura de la obra realizada por la empresa Sinoma, y los consecuentes beneficios econ\u00f3micos y laborales para los habitantes del Partido de Olavarr\u00eda\u201d.<\/em><\/p>\n<p>&nbsp;<\/p>\n<p><img data-recalc-dims=\"1\" loading=\"lazy\" decoding=\"async\" class=\"alignnone size-large wp-image-38808\" src=\"https:\/\/i0.wp.com\/cdnoticias.com\/wp-content\/uploads\/2021\/11\/DE-Reunion-Sinoma-3-scaled.jpg?resize=800%2C534&#038;ssl=1\" alt=\"\" width=\"800\" height=\"534\" srcset=\"https:\/\/i0.wp.com\/cdnoticias.com\/wp-content\/uploads\/2021\/11\/DE-Reunion-Sinoma-3-scaled.jpg?resize=1024%2C684&amp;ssl=1 1024w, https:\/\/i0.wp.com\/cdnoticias.com\/wp-content\/uploads\/2021\/11\/DE-Reunion-Sinoma-3-scaled.jpg?resize=300%2C201&amp;ssl=1 300w, https:\/\/i0.wp.com\/cdnoticias.com\/wp-content\/uploads\/2021\/11\/DE-Reunion-Sinoma-3-scaled.jpg?resize=768%2C513&amp;ssl=1 768w, https:\/\/i0.wp.com\/cdnoticias.com\/wp-content\/uploads\/2021\/11\/DE-Reunion-Sinoma-3-scaled.jpg?resize=272%2C182&amp;ssl=1 272w, https:\/\/i0.wp.com\/cdnoticias.com\/wp-content\/uploads\/2021\/11\/DE-Reunion-Sinoma-3-scaled.jpg?w=1600&amp;ssl=1 1600w, https:\/\/i0.wp.com\/cdnoticias.com\/wp-content\/uploads\/2021\/11\/DE-Reunion-Sinoma-3-scaled.jpg?w=2400&amp;ssl=1 2400w\" sizes=\"auto, (max-width: 800px) 100vw, 800px\" \/><\/p>\n<p>&nbsp;<\/p>\n<p>Por \u00faltimo, se destac\u00f3 que la empresa<em> \u201cha cumplido de manera estricta con los protocolos dispuestos para el ingreso de los trabajadores a la ciudad, durante la pandemia, entre los meses de abril de 2020 y octubre de 2021\u201d.<\/em><\/p>\n","protected":false},"excerpt":{"rendered":"<p>Es por \u201csu aporte al desarrollo econ\u00f3mico e industrial del Partido de Olavarr\u00eda\u201d. Fue la encargada de construir L\u2019Amal\u00ed II.\u00a0<\/p>\n","protected":false},"author":2,"featured_media":38806,"comment_status":"closed","ping_status":"closed","sticky":false,"template":"","format":"standard","meta":{"_jetpack_memberships_contains_paid_content":false,"footnotes":""},"categories":[5,1],"tags":[],"class_list":["post-38805","post","type-post","status-publish","format-standard","has-post-thumbnail","hentry","category-informacion-general","category-portada"],"jetpack_featured_media_url":"https:\/\/i0.wp.com\/cdnoticias.com\/wp-content\/uploads\/2021\/11\/DE-Reunion-Sinoma-1-scaled.jpg?fit=2560%2C1639&ssl=1","jetpack_sharing_enabled":true,"_links":{"self":[{"href":"https:\/\/cdnoticias.com\/index.php\/wp-json\/wp\/v2\/posts\/38805","targetHints":{"allow":["GET"]}}],"collection":[{"href":"https:\/\/cdnoticias.com\/index.php\/wp-json\/wp\/v2\/posts"}],"about":[{"href":"https:\/\/cdnoticias.com\/index.php\/wp-json\/wp\/v2\/types\/post"}],"author":[{"embeddable":true,"href":"https:\/\/cdnoticias.com\/index.php\/wp-json\/wp\/v2\/users\/2"}],"replies":[{"embeddable":true,"href":"https:\/\/cdnoticias.com\/index.php\/wp-json\/wp\/v2\/comments?post=38805"}],"version-history":[{"count":0,"href":"https:\/\/cdnoticias.com\/index.php\/wp-json\/wp\/v2\/posts\/38805\/revisions"}],"wp:featuredmedia":[{"embeddable":true,"href":"https:\/\/cdnoticias.com\/index.php\/wp-json\/wp\/v2\/media\/38806"}],"wp:attachment":[{"href":"https:\/\/cdnoticias.com\/index.php\/wp-json\/wp\/v2\/media?parent=38805"}],"wp:term":[{"taxonomy":"category","embeddable":true,"href":"https:\/\/cdnoticias.com\/index.php\/wp-json\/wp\/v2\/categories?post=38805"},{"taxonomy":"post_tag","embeddable":true,"href":"https:\/\/cdnoticias.com\/index.php\/wp-json\/wp\/v2\/tags?post=38805"}],"curies":[{"name":"wp","href":"https:\/\/api.w.org\/{rel}","templated":true}]}}