{"id":38780,"date":"2021-11-15T10:16:54","date_gmt":"2021-11-15T13:16:54","guid":{"rendered":"http:\/\/www.centraldenoticias.com.ar\/?p=38780"},"modified":"2021-11-15T10:16:54","modified_gmt":"2021-11-15T13:16:54","slug":"nilda-concepcion-gutierrez-viuda-de-basterrechea-tota-q-e-p-d","status":"publish","type":"post","link":"https:\/\/cdnoticias.com\/index.php\/2021\/11\/15\/nilda-concepcion-gutierrez-viuda-de-basterrechea-tota-q-e-p-d\/","title":{"rendered":"Nilda Concepci\u00f3n Guti\u00e9rrez viuda de Basterrechea &#8221;Tota&#8221; (Q.E.P.D.)"},"content":{"rendered":"<p>Falleci\u00f3 en Olavarr\u00eda el d\u00eda 14 de noviembre de 2021 a los 94 a\u00f1os de edad.<\/p>\n<p>&nbsp;<\/p>\n<p>Sus hijos Hugo (F), Miriam y Silvia; su hijo pol\u00edtico Adolfo; sus nietos Leandro, Denise, Hern\u00e1n, Lucrecia y Agustina; sus bisnietos Lorenzo, Martina y dem\u00e1s deudos participan de su fallecimiento.<\/p>\n<p>&nbsp;<\/p>\n<p>Sin velatorio. Cremaci\u00f3n: Crematorio Pinos de Paz, en d\u00eda a confirmar. Servicio adherido a Coopelectric.<\/p>\n<p>&nbsp;<\/p>\n<p>Barrio en el que viv\u00eda: Mariano Moreno<\/p>\n<p>&nbsp;<\/p>\n<p>Lugar de nacimiento: Huanguel\u00e9n<\/p>\n<p>&nbsp;<\/p>\n<p>Actividad que desarrollaba: Jubilada y Pensionada<\/p>\n","protected":false},"excerpt":{"rendered":"<p>Falleci\u00f3 en Olavarr\u00eda el d\u00eda 14 de noviembre de 2021 a los 94 a\u00f1os de edad. &nbsp; Sus hijos Hugo<\/p>\n","protected":false},"author":4,"featured_media":0,"comment_status":"closed","ping_status":"closed","sticky":false,"template":"","format":"standard","meta":{"_jetpack_memberships_contains_paid_content":false,"footnotes":""},"categories":[10],"tags":[],"class_list":["post-38780","post","type-post","status-publish","format-standard","hentry","category-necrologicas"],"jetpack_featured_media_url":"","jetpack_sharing_enabled":true,"_links":{"self":[{"href":"https:\/\/cdnoticias.com\/index.php\/wp-json\/wp\/v2\/posts\/38780","targetHints":{"allow":["GET"]}}],"collection":[{"href":"https:\/\/cdnoticias.com\/index.php\/wp-json\/wp\/v2\/posts"}],"about":[{"href":"https:\/\/cdnoticias.com\/index.php\/wp-json\/wp\/v2\/types\/post"}],"author":[{"embeddable":true,"href":"https:\/\/cdnoticias.com\/index.php\/wp-json\/wp\/v2\/users\/4"}],"replies":[{"embeddable":true,"href":"https:\/\/cdnoticias.com\/index.php\/wp-json\/wp\/v2\/comments?post=38780"}],"version-history":[{"count":0,"href":"https:\/\/cdnoticias.com\/index.php\/wp-json\/wp\/v2\/posts\/38780\/revisions"}],"wp:attachment":[{"href":"https:\/\/cdnoticias.com\/index.php\/wp-json\/wp\/v2\/media?parent=38780"}],"wp:term":[{"taxonomy":"category","embeddable":true,"href":"https:\/\/cdnoticias.com\/index.php\/wp-json\/wp\/v2\/categories?post=38780"},{"taxonomy":"post_tag","embeddable":true,"href":"https:\/\/cdnoticias.com\/index.php\/wp-json\/wp\/v2\/tags?post=38780"}],"curies":[{"name":"wp","href":"https:\/\/api.w.org\/{rel}","templated":true}]}}