{"id":3878,"date":"2020-10-13T20:11:51","date_gmt":"2020-10-13T23:11:51","guid":{"rendered":"http:\/\/www.centraldenoticias.com.ar\/?p=3878"},"modified":"2020-10-13T20:11:51","modified_gmt":"2020-10-13T23:11:51","slug":"covid-19-93-casos-positivos-y-otra-cifra-record","status":"publish","type":"post","link":"https:\/\/cdnoticias.com\/index.php\/2020\/10\/13\/covid-19-93-casos-positivos-y-otra-cifra-record\/","title":{"rendered":"Covid-19: 93 casos positivos y otra cifra r\u00e9cord"},"content":{"rendered":"<p>&nbsp;<\/p>\n<p>As\u00ed fue informado este martes por la secretar\u00eda de Salud del Gobierno Municipal. Adem\u00e1s, hay 95 casos sospechosos y 58 personas recibieron el alta m\u00e9dica. Durante la jornada fallecieron dos pacientes.\u00a0<!--more--><\/p>\n<hr \/>\n<p>Este martes 13 de octubre se registr\u00f3 un n\u00famero r\u00e9cord en cuanto a la cantidad de personas que resultaron positivo para Covid-19 en el Partido de Olavarr\u00eda. <strong>Seg\u00fan inform\u00f3 la secretar\u00eda de Salud del Gobierno Municipal se contabilizaron 93 nuevos casos.<\/strong><\/p>\n<p>&nbsp;<\/p>\n<p>Adem\u00e1s, durante la jornada <a href=\"https:\/\/cdnoticias.com\/index.php\/2020\/10\/13\/fallecieron-dos-personas-con-covid19-y-ya-son-50-las-muertes\/\" target=\"_blank\" rel=\"noopener\">fallecieron dos pacientes<\/a> que hab\u00edan resultado positivos para Covid-19: dos mujeres de 79 y 77 a\u00f1os.<\/p>\n<p>&nbsp;<\/p>\n<p>El parte m\u00e9dico se\u00f1al\u00f3 que <strong>58 pacientes recibieron el alta m\u00e9dica y se descartaron 66 casos sospechosos<\/strong>. En tanto, el total de pacientes activos es de 347.<\/p>\n<p>&nbsp;<\/p>\n<p><img data-recalc-dims=\"1\" loading=\"lazy\" decoding=\"async\" class=\"alignnone size-large wp-image-3880\" src=\"https:\/\/i0.wp.com\/cdnoticias.com\/wp-content\/uploads\/2020\/10\/parte-8.jpg?resize=800%2C405&#038;ssl=1\" alt=\"\" width=\"800\" height=\"405\" srcset=\"https:\/\/i0.wp.com\/cdnoticias.com\/wp-content\/uploads\/2020\/10\/parte-8.jpg?resize=1024%2C518&amp;ssl=1 1024w, https:\/\/i0.wp.com\/cdnoticias.com\/wp-content\/uploads\/2020\/10\/parte-8.jpg?resize=300%2C152&amp;ssl=1 300w, https:\/\/i0.wp.com\/cdnoticias.com\/wp-content\/uploads\/2020\/10\/parte-8.jpg?resize=768%2C388&amp;ssl=1 768w, https:\/\/i0.wp.com\/cdnoticias.com\/wp-content\/uploads\/2020\/10\/parte-8.jpg?w=1165&amp;ssl=1 1165w\" sizes=\"auto, (max-width: 800px) 100vw, 800px\" \/><\/p>\n<p>&nbsp;<\/p>\n<p>En el d\u00eda de la fecha se realizaron<strong> 159 testeos<\/strong> y m\u00e1s de 5.700 desde el comienzo de la pandemia. Asimismo, son m\u00e1s de 1.600 los pacientes curados. Por otra parte, <strong>la cantidad de casos sospechosos en la actualidad es de 95.<\/strong><\/p>\n<p>&nbsp;<\/p>\n<blockquote><p>Las autoridades sanitarias informaron que los casos corresponden a personal del Servicio Penitenciario, de seguridad, de f\u00e1bricas locales, a nexos con positivos anteriores y se estudia el nexo epidemiol\u00f3gico del 30% de los casos de hoy.<\/p><\/blockquote>\n<p>&nbsp;<\/p>\n<p>Sobre el estado actual del Hospital, se indic\u00f3 que hay<strong> 11 pacientes en Unidad de Terapia Intensiva y 13 en Cuidados Generales.<\/strong>\u00a0No hay internados en el sector de Pediatr\u00eda y no hubo casos positivos en residencias de Adultos Mayores.<\/p>\n<p>&nbsp;<\/p>\n<p>En este sentido, aseguraron que<strong> el 87% de los casos positivos corresponden a personas con menos de 60 a\u00f1os y el 13% a mayores de 60 a\u00f1os.<\/strong><\/p>\n","protected":false},"excerpt":{"rendered":"<p>&nbsp; As\u00ed fue informado este martes por la secretar\u00eda de Salud del Gobierno Municipal. Adem\u00e1s, hay 95 casos sospechosos y<\/p>\n","protected":false},"author":5,"featured_media":509,"comment_status":"closed","ping_status":"closed","sticky":false,"template":"","format":"standard","meta":{"_jetpack_memberships_contains_paid_content":false,"footnotes":""},"categories":[5,1],"tags":[],"class_list":["post-3878","post","type-post","status-publish","format-standard","has-post-thumbnail","hentry","category-informacion-general","category-portada"],"jetpack_featured_media_url":"https:\/\/i0.wp.com\/cdnoticias.com\/wp-content\/uploads\/2020\/09\/HospitalMunicipal.jpg?fit=4608%2C3072&ssl=1","jetpack_sharing_enabled":true,"_links":{"self":[{"href":"https:\/\/cdnoticias.com\/index.php\/wp-json\/wp\/v2\/posts\/3878","targetHints":{"allow":["GET"]}}],"collection":[{"href":"https:\/\/cdnoticias.com\/index.php\/wp-json\/wp\/v2\/posts"}],"about":[{"href":"https:\/\/cdnoticias.com\/index.php\/wp-json\/wp\/v2\/types\/post"}],"author":[{"embeddable":true,"href":"https:\/\/cdnoticias.com\/index.php\/wp-json\/wp\/v2\/users\/5"}],"replies":[{"embeddable":true,"href":"https:\/\/cdnoticias.com\/index.php\/wp-json\/wp\/v2\/comments?post=3878"}],"version-history":[{"count":0,"href":"https:\/\/cdnoticias.com\/index.php\/wp-json\/wp\/v2\/posts\/3878\/revisions"}],"wp:featuredmedia":[{"embeddable":true,"href":"https:\/\/cdnoticias.com\/index.php\/wp-json\/wp\/v2\/media\/509"}],"wp:attachment":[{"href":"https:\/\/cdnoticias.com\/index.php\/wp-json\/wp\/v2\/media?parent=3878"}],"wp:term":[{"taxonomy":"category","embeddable":true,"href":"https:\/\/cdnoticias.com\/index.php\/wp-json\/wp\/v2\/categories?post=3878"},{"taxonomy":"post_tag","embeddable":true,"href":"https:\/\/cdnoticias.com\/index.php\/wp-json\/wp\/v2\/tags?post=3878"}],"curies":[{"name":"wp","href":"https:\/\/api.w.org\/{rel}","templated":true}]}}