{"id":38770,"date":"2021-11-15T09:52:06","date_gmt":"2021-11-15T12:52:06","guid":{"rendered":"http:\/\/www.centraldenoticias.com.ar\/?p=38770"},"modified":"2021-11-15T09:52:06","modified_gmt":"2021-11-15T12:52:06","slug":"hubo-una-excelente-eleccion-de-juntos-y-una-buena-recuperacion-del-peronismo","status":"publish","type":"post","link":"https:\/\/cdnoticias.com\/index.php\/2021\/11\/15\/hubo-una-excelente-eleccion-de-juntos-y-una-buena-recuperacion-del-peronismo\/","title":{"rendered":"\u201cHubo una excelente elecci\u00f3n de Juntos y una buena recuperaci\u00f3n del peronismo\u201d"},"content":{"rendered":"<p>El polit\u00f3logo Andr\u00e9s Malamud fue fiscal de mesa en Olavarr\u00eda. En el bunker de Juntos, realiz\u00f3 un primer an\u00e1lisis de los comicios. Lo compar\u00f3 con 2001: \u201cLa gente que estaba enojada con uno, votaba al otro, no rompi\u00f3 el sistema\u201d dijo.\u00a0<!--more--><\/p>\n<hr \/>\n<p>Estas elecciones fueron distintas para el <strong>polit\u00f3logo Andr\u00e9s Malamud<\/strong>. De cuna radical, tuvo una participaci\u00f3n mucho m\u00e1s activa en el proceso electoral. Tal es as\u00ed, que <strong>fue fiscal en el colegio Nacional (\u201cNacio\u201d dicho por \u00e9l mismo) donde vota desde chico.<\/strong> Se tom\u00f3 unos minutos para dialogar con <strong>Central de Noticias<\/strong> desde el bunker de Juntos y analizar los comicios.<\/p>\n<p>&nbsp;<\/p>\n<p>En primera instancia admiti\u00f3 que \u201cextra\u00f1aba\u201d fiscalizar: <em>\u201clo hago desde chico y desde hace un tiempo ten\u00eda s\u00edndrome de abstinencia\u201d<\/em>. Le toc\u00f3 en el Colegio Nacional, \u201cNacio\u201d.<\/p>\n<p>&nbsp;<\/p>\n<p><img data-recalc-dims=\"1\" loading=\"lazy\" decoding=\"async\" class=\"alignnone size-large wp-image-38773\" src=\"https:\/\/i0.wp.com\/cdnoticias.com\/wp-content\/uploads\/2021\/11\/andresmalamud3.jpg?resize=800%2C445&#038;ssl=1\" alt=\"\" width=\"800\" height=\"445\" srcset=\"https:\/\/i0.wp.com\/cdnoticias.com\/wp-content\/uploads\/2021\/11\/andresmalamud3.jpg?resize=1024%2C570&amp;ssl=1 1024w, https:\/\/i0.wp.com\/cdnoticias.com\/wp-content\/uploads\/2021\/11\/andresmalamud3.jpg?resize=300%2C167&amp;ssl=1 300w, https:\/\/i0.wp.com\/cdnoticias.com\/wp-content\/uploads\/2021\/11\/andresmalamud3.jpg?resize=768%2C427&amp;ssl=1 768w, https:\/\/i0.wp.com\/cdnoticias.com\/wp-content\/uploads\/2021\/11\/andresmalamud3.jpg?resize=800%2C445&amp;ssl=1 800w, https:\/\/i0.wp.com\/cdnoticias.com\/wp-content\/uploads\/2021\/11\/andresmalamud3.jpg?w=1280&amp;ssl=1 1280w\" sizes=\"auto, (max-width: 800px) 100vw, 800px\" \/><\/p>\n<p>&nbsp;<\/p>\n<p>R\u00e1pidamente y sin vueltas, <strong>compar\u00f3 este elecci\u00f3n con 2001<\/strong>,<em> \u201ccuando hab\u00eda mucho enojo y la gente met\u00eda cualquier cosa en la boleta. Fiscalic\u00e9 ese a\u00f1o y saqu\u00e9 desde salamines hasta preservativos. <strong>Hoy saqu\u00e9 boletas (risas) que mostraron que cuando la gente se enoja con uno, vota otro, pero no rompi\u00f3 el sistema<\/strong>\u201d.<\/em><\/p>\n<p>&nbsp;<\/p>\n<p>En su mesa percibi\u00f3<em> \u201clo mismo que estamos viendo a nivel provincial y nacional: una excelente elecci\u00f3n de Juntos, y una buena recuperaci\u00f3n del peronismo. Es decir, una polarizaci\u00f3n que se acent\u00faa. La tercera fuerza (tenemos que ver los detalles a\u00fan) en general hicieron agua. <strong>Y digo en general porque en Olavarr\u00eda est\u00e1n metiendo concejales<\/strong>\u201d<\/em> dijo en referencia a Celeste Arouxet.<\/p>\n<p>&nbsp;<\/p>\n<p>\u00bfCu\u00e1l fue la primera explicaci\u00f3n del polit\u00f3logo?<em> \u201cHubo una ruptura de un grupo radical que se pasa con Avanza Libertad. Lo que estamos viendo es que no son los votos de Espert los que surgieron en Olavarr\u00eda, <strong>son votos que participaron de la alianza interna con el radicalismo y luego se fueron disgustados con el resultado<\/strong>\u201d.<\/em><\/p>\n<p>&nbsp;<\/p>\n<p><img data-recalc-dims=\"1\" loading=\"lazy\" decoding=\"async\" class=\"alignnone size-large wp-image-38774\" src=\"https:\/\/i0.wp.com\/cdnoticias.com\/wp-content\/uploads\/2021\/11\/andresmalamud4.jpg?resize=800%2C445&#038;ssl=1\" alt=\"\" width=\"800\" height=\"445\" srcset=\"https:\/\/i0.wp.com\/cdnoticias.com\/wp-content\/uploads\/2021\/11\/andresmalamud4.jpg?resize=1024%2C570&amp;ssl=1 1024w, https:\/\/i0.wp.com\/cdnoticias.com\/wp-content\/uploads\/2021\/11\/andresmalamud4.jpg?resize=300%2C167&amp;ssl=1 300w, https:\/\/i0.wp.com\/cdnoticias.com\/wp-content\/uploads\/2021\/11\/andresmalamud4.jpg?resize=768%2C427&amp;ssl=1 768w, https:\/\/i0.wp.com\/cdnoticias.com\/wp-content\/uploads\/2021\/11\/andresmalamud4.jpg?resize=800%2C445&amp;ssl=1 800w, https:\/\/i0.wp.com\/cdnoticias.com\/wp-content\/uploads\/2021\/11\/andresmalamud4.jpg?w=1280&amp;ssl=1 1280w\" sizes=\"auto, (max-width: 800px) 100vw, 800px\" \/><\/p>\n<p>&nbsp;<\/p>\n<p>Adem\u00e1s, se\u00f1al\u00f3 que <em>\u201cla mayor parte de los que votaron hoy que no votaron en la PASO se volcaron por el peronismo. Juntos retuvo y gan\u00f3 algunos. El peronismo retuvo y gan\u00f3 m\u00e1s. Si bien falta los n\u00fameros finitos para confirmarlo, pero s\u00ed\u201d.<\/em><\/p>\n<p>&nbsp;<\/p>\n<p>Para cerrar, admiti\u00f3 que <strong>el resultado no se explica por la mejora de la gesti\u00f3n del gobierno provincial y nacional, sino que<em> \u201cse moviliz\u00f3 m\u00e1s con los intendentes\u201d.<\/em><\/strong><\/p>\n<p>&nbsp;<\/p>\n","protected":false},"excerpt":{"rendered":"<p>El polit\u00f3logo Andr\u00e9s Malamud fue fiscal de mesa en Olavarr\u00eda. En el bunker de Juntos, realiz\u00f3 un primer an\u00e1lisis de<\/p>\n","protected":false},"author":2,"featured_media":38771,"comment_status":"closed","ping_status":"closed","sticky":false,"template":"","format":"standard","meta":{"_jetpack_memberships_contains_paid_content":false,"footnotes":""},"categories":[17,1],"tags":[],"class_list":["post-38770","post","type-post","status-publish","format-standard","has-post-thumbnail","hentry","category-elecciones-2021","category-portada"],"jetpack_featured_media_url":"https:\/\/i0.wp.com\/cdnoticias.com\/wp-content\/uploads\/2021\/11\/andresmalamud1.jpg?fit=1067%2C594&ssl=1","jetpack_sharing_enabled":true,"_links":{"self":[{"href":"https:\/\/cdnoticias.com\/index.php\/wp-json\/wp\/v2\/posts\/38770","targetHints":{"allow":["GET"]}}],"collection":[{"href":"https:\/\/cdnoticias.com\/index.php\/wp-json\/wp\/v2\/posts"}],"about":[{"href":"https:\/\/cdnoticias.com\/index.php\/wp-json\/wp\/v2\/types\/post"}],"author":[{"embeddable":true,"href":"https:\/\/cdnoticias.com\/index.php\/wp-json\/wp\/v2\/users\/2"}],"replies":[{"embeddable":true,"href":"https:\/\/cdnoticias.com\/index.php\/wp-json\/wp\/v2\/comments?post=38770"}],"version-history":[{"count":0,"href":"https:\/\/cdnoticias.com\/index.php\/wp-json\/wp\/v2\/posts\/38770\/revisions"}],"wp:featuredmedia":[{"embeddable":true,"href":"https:\/\/cdnoticias.com\/index.php\/wp-json\/wp\/v2\/media\/38771"}],"wp:attachment":[{"href":"https:\/\/cdnoticias.com\/index.php\/wp-json\/wp\/v2\/media?parent=38770"}],"wp:term":[{"taxonomy":"category","embeddable":true,"href":"https:\/\/cdnoticias.com\/index.php\/wp-json\/wp\/v2\/categories?post=38770"},{"taxonomy":"post_tag","embeddable":true,"href":"https:\/\/cdnoticias.com\/index.php\/wp-json\/wp\/v2\/tags?post=38770"}],"curies":[{"name":"wp","href":"https:\/\/api.w.org\/{rel}","templated":true}]}}