{"id":38766,"date":"2021-11-15T09:39:46","date_gmt":"2021-11-15T12:39:46","guid":{"rendered":"http:\/\/www.centraldenoticias.com.ar\/?p=38766"},"modified":"2021-11-15T10:34:44","modified_gmt":"2021-11-15T13:34:44","slug":"por-una-entrada-de-aire-robaron-lentes-en-un-comercio-centrico","status":"publish","type":"post","link":"https:\/\/cdnoticias.com\/index.php\/2021\/11\/15\/por-una-entrada-de-aire-robaron-lentes-en-un-comercio-centrico\/","title":{"rendered":"Por una entrada de aire, robaron lentes en un comercio c\u00e9ntrico"},"content":{"rendered":"<p>El hecho se registr\u00f3 durante la madrugada de este lunes. Robaron cinco pares de lentes tras \u201cmeter la mano\u201d por un peque\u00f1o hueco.\u00a0<!--more--><\/p>\n<hr \/>\n<p>En la madrugada de este lunes, y<strong> por un ins\u00f3lito lugar, robaron al menos cinco pares de lentes de una \u00f3ptica c\u00e9ntrica ubicada en Vicente L\u00f3pez al 2600.<\/strong><\/p>\n<p>&nbsp;<\/p>\n<p>Se trata del local comercial \u201cClaudia Gaite\u201d donde <strong>delincuentes aprovecharon una entrada de aire para meter la mano por all\u00ed y sacar, de la vidriera, lentes de sol.<\/strong><\/p>\n<p>&nbsp;<\/p>\n<p><img data-recalc-dims=\"1\" loading=\"lazy\" decoding=\"async\" class=\"alignnone size-full wp-image-38768\" src=\"https:\/\/i0.wp.com\/cdnoticias.com\/wp-content\/uploads\/2021\/11\/robo-centro1.jpg?resize=800%2C445&#038;ssl=1\" alt=\"\" width=\"800\" height=\"445\" srcset=\"https:\/\/i0.wp.com\/cdnoticias.com\/wp-content\/uploads\/2021\/11\/robo-centro1.jpg?w=868&amp;ssl=1 868w, https:\/\/i0.wp.com\/cdnoticias.com\/wp-content\/uploads\/2021\/11\/robo-centro1.jpg?resize=300%2C167&amp;ssl=1 300w, https:\/\/i0.wp.com\/cdnoticias.com\/wp-content\/uploads\/2021\/11\/robo-centro1.jpg?resize=768%2C427&amp;ssl=1 768w, https:\/\/i0.wp.com\/cdnoticias.com\/wp-content\/uploads\/2021\/11\/robo-centro1.jpg?resize=800%2C445&amp;ssl=1 800w\" sizes=\"auto, (max-width: 800px) 100vw, 800px\" \/><\/p>\n<p>&nbsp;<\/p>\n<blockquote><p>Al momento de realizar la denuncia -por estos minutos- se buscar\u00e1 analizar pistas que den cuenta de los autores del hecho.<\/p><\/blockquote>\n<p>&nbsp;<\/p>\n<p>Un dato a tener en cuenta son <strong>las c\u00e1maras ubicadas en ese sector, tanto municipales como de privados<\/strong>, que tambi\u00e9n servir\u00e1n para acompa\u00f1ar la investigaci\u00f3n. Adem\u00e1s, se reforzar\u00e1 la seguridad del lugar para evitar nuevos hechos.<\/p>\n","protected":false},"excerpt":{"rendered":"<p>El hecho se registr\u00f3 durante la madrugada de este lunes. Robaron cinco pares de lentes tras \u201cmeter la mano\u201d por<\/p>\n","protected":false},"author":2,"featured_media":38767,"comment_status":"closed","ping_status":"closed","sticky":false,"template":"","format":"standard","meta":{"_jetpack_memberships_contains_paid_content":false,"footnotes":""},"categories":[14,1],"tags":[],"class_list":["post-38766","post","type-post","status-publish","format-standard","has-post-thumbnail","hentry","category-policiales","category-portada"],"jetpack_featured_media_url":"https:\/\/i0.wp.com\/cdnoticias.com\/wp-content\/uploads\/2021\/11\/robo-centro.jpg?fit=1152%2C640&ssl=1","jetpack_sharing_enabled":true,"_links":{"self":[{"href":"https:\/\/cdnoticias.com\/index.php\/wp-json\/wp\/v2\/posts\/38766","targetHints":{"allow":["GET"]}}],"collection":[{"href":"https:\/\/cdnoticias.com\/index.php\/wp-json\/wp\/v2\/posts"}],"about":[{"href":"https:\/\/cdnoticias.com\/index.php\/wp-json\/wp\/v2\/types\/post"}],"author":[{"embeddable":true,"href":"https:\/\/cdnoticias.com\/index.php\/wp-json\/wp\/v2\/users\/2"}],"replies":[{"embeddable":true,"href":"https:\/\/cdnoticias.com\/index.php\/wp-json\/wp\/v2\/comments?post=38766"}],"version-history":[{"count":0,"href":"https:\/\/cdnoticias.com\/index.php\/wp-json\/wp\/v2\/posts\/38766\/revisions"}],"wp:featuredmedia":[{"embeddable":true,"href":"https:\/\/cdnoticias.com\/index.php\/wp-json\/wp\/v2\/media\/38767"}],"wp:attachment":[{"href":"https:\/\/cdnoticias.com\/index.php\/wp-json\/wp\/v2\/media?parent=38766"}],"wp:term":[{"taxonomy":"category","embeddable":true,"href":"https:\/\/cdnoticias.com\/index.php\/wp-json\/wp\/v2\/categories?post=38766"},{"taxonomy":"post_tag","embeddable":true,"href":"https:\/\/cdnoticias.com\/index.php\/wp-json\/wp\/v2\/tags?post=38766"}],"curies":[{"name":"wp","href":"https:\/\/api.w.org\/{rel}","templated":true}]}}