{"id":38764,"date":"2021-11-14T23:34:19","date_gmt":"2021-11-15T02:34:19","guid":{"rendered":"http:\/\/www.centraldenoticias.com.ar\/?p=38764"},"modified":"2021-11-15T09:40:00","modified_gmt":"2021-11-15T12:40:00","slug":"elecciones-2021-juntos-ratifico-el-liderazgo-local-con-varios-asteriscos","status":"publish","type":"post","link":"https:\/\/cdnoticias.com\/index.php\/2021\/11\/14\/elecciones-2021-juntos-ratifico-el-liderazgo-local-con-varios-asteriscos\/","title":{"rendered":"Elecciones 2021: Juntos ratific\u00f3 el liderazgo local con varios asteriscos"},"content":{"rendered":"<p>Gan\u00f3 con comodidad, pero el reparto de concejales no fue el esperado. Diego Robbiani no ser\u00e1 senador: \u201cBali\u201d Bucca lleg\u00f3 al piso y asumir\u00e1 en diciembre. Celeste Arouxet ratific\u00f3 la gran elecci\u00f3n de septiembre.\u00a0<!--more--><\/p>\n<hr \/>\n<p>Pasaron las Elecciones Legislativas 2021. <strong>Con resultados sorpresivos, con una victoria esperada y con varios asteriscos para analizar. Juntos ratific\u00f3 la tendencia y gan\u00f3 con contundencia, pero no todo fue color de rosa<\/strong>: no ingres\u00f3 Bel\u00e9n Vergel y Diego Robbiani no ser\u00e1 senador. El gran dato de la elecci\u00f3n fue el ingreso de Celeste Arouxet, por el espacio de Espert.<\/p>\n<p>&nbsp;<\/p>\n<p><strong>Fue m\u00e1s gente a votar, en un porcentaje medianamente esperado por los espacios pol\u00edticos.<\/strong> Su distribuci\u00f3n, en tanto, ser\u00e1 material de an\u00e1lisis para los pr\u00f3ximos d\u00edas. Todos los espacios crecieron, y lo que disminuy\u00f3 en gran cantidad fue el voto en blanco, dato interesante que muestra que los votantes decidieron, esta vez, elegir a un candidato.<\/p>\n<p>&nbsp;<\/p>\n<p><img data-recalc-dims=\"1\" loading=\"lazy\" decoding=\"async\" class=\"alignnone size-large wp-image-38664\" src=\"https:\/\/i0.wp.com\/cdnoticias.com\/wp-content\/uploads\/2021\/11\/legislativagal7.jpg?resize=800%2C445&#038;ssl=1\" alt=\"\" width=\"800\" height=\"445\" srcset=\"https:\/\/i0.wp.com\/cdnoticias.com\/wp-content\/uploads\/2021\/11\/legislativagal7.jpg?resize=1024%2C569&amp;ssl=1 1024w, https:\/\/i0.wp.com\/cdnoticias.com\/wp-content\/uploads\/2021\/11\/legislativagal7.jpg?resize=300%2C167&amp;ssl=1 300w, https:\/\/i0.wp.com\/cdnoticias.com\/wp-content\/uploads\/2021\/11\/legislativagal7.jpg?resize=768%2C427&amp;ssl=1 768w, https:\/\/i0.wp.com\/cdnoticias.com\/wp-content\/uploads\/2021\/11\/legislativagal7.jpg?resize=800%2C445&amp;ssl=1 800w, https:\/\/i0.wp.com\/cdnoticias.com\/wp-content\/uploads\/2021\/11\/legislativagal7.jpg?w=1599&amp;ssl=1 1599w\" sizes=\"auto, (max-width: 800px) 100vw, 800px\" \/><\/p>\n<p>&nbsp;<\/p>\n<p>Hubo una <strong>clara contundencia en la victoria del oficialismo local<\/strong>: logr\u00f3 un 47% de los votos (al menos en el recuento provisorio) pero <strong>el objetivo de ingreso de seis concejales \u2013dos radicales- qued\u00f3 trunco: fueron, finalmente, cinco los candidatos que ingresar\u00e1n al Concejo Deliberante.<\/strong><\/p>\n<p>&nbsp;<\/p>\n<p>Con un agregado<strong>: Diego Robbiani no ser\u00e1 senador provincial, y se corta la racha de ingreso de tres senadores del espacio pol\u00edtico ganador, dado que Eduardo \u201cBali\u201d Bucca logr\u00f3 el piso del 33,3% e ingresar\u00e1 a la Legislatura Bonaerense.<\/strong> De todos modos, la elecci\u00f3n fue m\u00e1s que contundente para Juntos, dado que obtuvieron poco m\u00e1s del 50% de los votos.<\/p>\n<p>&nbsp;<\/p>\n<p><img data-recalc-dims=\"1\" loading=\"lazy\" decoding=\"async\" class=\"alignnone size-full wp-image-38744\" src=\"https:\/\/i0.wp.com\/cdnoticias.com\/wp-content\/uploads\/2021\/11\/juntos-4.jpg?resize=800%2C445&#038;ssl=1\" alt=\"\" width=\"800\" height=\"445\" srcset=\"https:\/\/i0.wp.com\/cdnoticias.com\/wp-content\/uploads\/2021\/11\/juntos-4.jpg?w=800&amp;ssl=1 800w, https:\/\/i0.wp.com\/cdnoticias.com\/wp-content\/uploads\/2021\/11\/juntos-4.jpg?resize=300%2C167&amp;ssl=1 300w, https:\/\/i0.wp.com\/cdnoticias.com\/wp-content\/uploads\/2021\/11\/juntos-4.jpg?resize=768%2C427&amp;ssl=1 768w\" sizes=\"auto, (max-width: 800px) 100vw, 800px\" \/><\/p>\n<p>&nbsp;<\/p>\n<blockquote><p>Una sorpresa que dej\u00f3 de serlo este domingo: Celeste Arouxet mostr\u00f3 la buena campa\u00f1a realizada tras las PASO y alcanz\u00f3 los 10 puntos que la depositan, por cuatro a\u00f1os m\u00e1s, en el Concejo Deliberante.<\/p><\/blockquote>\n<p>&nbsp;<\/p>\n<p>Todo fue emoci\u00f3n y, adem\u00e1s, un empuj\u00f3n para lo que viene. Arouxet lanz\u00f3 junto a Guillermo Lascano la agrupaci\u00f3n \u201cAhora Olavarr\u00eda\u201d pensada para plantear una alternativa de ciudad de cara a 2023. <strong>Potenciar\u00e1n el trabajo con una banca desde el HCD. <em>\u201cEl lunes hay que comenzar a analizar el Presupuesto\u201d<\/em> dijo la electa concejal propuesta a <em>\u201cdarle para adelante\u201d.<\/em><\/strong><\/p>\n<p>&nbsp;<\/p>\n<p><img data-recalc-dims=\"1\" loading=\"lazy\" decoding=\"async\" class=\"alignnone size-full wp-image-38702\" src=\"https:\/\/i0.wp.com\/cdnoticias.com\/wp-content\/uploads\/2021\/11\/arouxet1.jpg?resize=800%2C445&#038;ssl=1\" alt=\"\" width=\"800\" height=\"445\" srcset=\"https:\/\/i0.wp.com\/cdnoticias.com\/wp-content\/uploads\/2021\/11\/arouxet1.jpg?w=899&amp;ssl=1 899w, https:\/\/i0.wp.com\/cdnoticias.com\/wp-content\/uploads\/2021\/11\/arouxet1.jpg?resize=300%2C167&amp;ssl=1 300w, https:\/\/i0.wp.com\/cdnoticias.com\/wp-content\/uploads\/2021\/11\/arouxet1.jpg?resize=768%2C427&amp;ssl=1 768w, https:\/\/i0.wp.com\/cdnoticias.com\/wp-content\/uploads\/2021\/11\/arouxet1.jpg?resize=800%2C445&amp;ssl=1 800w\" sizes=\"auto, (max-width: 800px) 100vw, 800px\" \/><\/p>\n<p>&nbsp;<\/p>\n<p>El <strong>Frente de Todos mejor\u00f3 su performance de las PASO y eso fue motivo de celebraci\u00f3n, sobretodo porque sostuvo cuatro concejales y los n\u00fameros seccionales y provinciales mostraron una importante remontada del espacio.<\/strong><\/p>\n<p>&nbsp;<\/p>\n<p>\u201cBali\u201d Bucca ser\u00e1 senador y le da la mayor\u00eda al gobierno de Kicillof, y adem\u00e1s<strong> los resultados nacionales (m\u00e1s all\u00e1 de la derrota) fueron m\u00e1s que auspiciosos de cara a los pr\u00f3ximos dos a\u00f1os.<\/strong><\/p>\n<p>&nbsp;<\/p>\n<p><img data-recalc-dims=\"1\" loading=\"lazy\" decoding=\"async\" class=\"alignnone size-full wp-image-38732\" src=\"https:\/\/i0.wp.com\/cdnoticias.com\/wp-content\/uploads\/2021\/11\/todos-1.jpg?resize=800%2C445&#038;ssl=1\" alt=\"\" width=\"800\" height=\"445\" srcset=\"https:\/\/i0.wp.com\/cdnoticias.com\/wp-content\/uploads\/2021\/11\/todos-1.jpg?w=800&amp;ssl=1 800w, https:\/\/i0.wp.com\/cdnoticias.com\/wp-content\/uploads\/2021\/11\/todos-1.jpg?resize=300%2C167&amp;ssl=1 300w, https:\/\/i0.wp.com\/cdnoticias.com\/wp-content\/uploads\/2021\/11\/todos-1.jpg?resize=768%2C427&amp;ssl=1 768w\" sizes=\"auto, (max-width: 800px) 100vw, 800px\" \/><\/p>\n<p>&nbsp;<\/p>\n<p>La<strong> Izquierda en Olavarr\u00eda hizo historia<\/strong> y mejor\u00f3 su resultado de 2013, cuando en aquella oportunidad Carlos Gil obtuvo el 5% de los votos. Yessica Almeida se\u00f1al\u00f3 que el resultado ratifica la levantada del espacio, que tambi\u00e9n obtuvo hist\u00f3ricos resultados en otras Provincias. Finalmente, <strong>Andrea Coronel tambi\u00e9n celebr\u00f3 una buena elecci\u00f3n mostrando otra opci\u00f3n para Olavarr\u00eda de cara a lo que viene.\u00a0<\/strong><\/p>\n<p>&nbsp;<\/p>\n<p><img data-recalc-dims=\"1\" loading=\"lazy\" decoding=\"async\" class=\"alignnone size-full wp-image-38756\" src=\"https:\/\/i0.wp.com\/cdnoticias.com\/wp-content\/uploads\/2021\/11\/Yessi-Almeida.jpg?resize=800%2C445&#038;ssl=1\" alt=\"\" width=\"800\" height=\"445\" srcset=\"https:\/\/i0.wp.com\/cdnoticias.com\/wp-content\/uploads\/2021\/11\/Yessi-Almeida.jpg?w=800&amp;ssl=1 800w, https:\/\/i0.wp.com\/cdnoticias.com\/wp-content\/uploads\/2021\/11\/Yessi-Almeida.jpg?resize=300%2C167&amp;ssl=1 300w, https:\/\/i0.wp.com\/cdnoticias.com\/wp-content\/uploads\/2021\/11\/Yessi-Almeida.jpg?resize=768%2C427&amp;ssl=1 768w\" sizes=\"auto, (max-width: 800px) 100vw, 800px\" \/><\/p>\n<p>&nbsp;<\/p>\n<p>Hay cifras para analizar, explicar y desmenuzar tras estas elecciones.<strong> Por el momento, solo queda comentar lo sucedido a pocas horas de finalizados los comicios.<\/strong><\/p>\n","protected":false},"excerpt":{"rendered":"<p>Gan\u00f3 con comodidad, pero el reparto de concejales no fue el esperado. Diego Robbiani no ser\u00e1 senador: \u201cBali\u201d Bucca lleg\u00f3<\/p>\n","protected":false},"author":2,"featured_media":38742,"comment_status":"closed","ping_status":"closed","sticky":false,"template":"","format":"standard","meta":{"_jetpack_memberships_contains_paid_content":false,"footnotes":""},"categories":[17,1],"tags":[],"class_list":["post-38764","post","type-post","status-publish","format-standard","has-post-thumbnail","hentry","category-elecciones-2021","category-portada"],"jetpack_featured_media_url":"https:\/\/i0.wp.com\/cdnoticias.com\/wp-content\/uploads\/2021\/11\/juntos-2.jpg?fit=800%2C445&ssl=1","jetpack_sharing_enabled":true,"_links":{"self":[{"href":"https:\/\/cdnoticias.com\/index.php\/wp-json\/wp\/v2\/posts\/38764","targetHints":{"allow":["GET"]}}],"collection":[{"href":"https:\/\/cdnoticias.com\/index.php\/wp-json\/wp\/v2\/posts"}],"about":[{"href":"https:\/\/cdnoticias.com\/index.php\/wp-json\/wp\/v2\/types\/post"}],"author":[{"embeddable":true,"href":"https:\/\/cdnoticias.com\/index.php\/wp-json\/wp\/v2\/users\/2"}],"replies":[{"embeddable":true,"href":"https:\/\/cdnoticias.com\/index.php\/wp-json\/wp\/v2\/comments?post=38764"}],"version-history":[{"count":0,"href":"https:\/\/cdnoticias.com\/index.php\/wp-json\/wp\/v2\/posts\/38764\/revisions"}],"wp:featuredmedia":[{"embeddable":true,"href":"https:\/\/cdnoticias.com\/index.php\/wp-json\/wp\/v2\/media\/38742"}],"wp:attachment":[{"href":"https:\/\/cdnoticias.com\/index.php\/wp-json\/wp\/v2\/media?parent=38764"}],"wp:term":[{"taxonomy":"category","embeddable":true,"href":"https:\/\/cdnoticias.com\/index.php\/wp-json\/wp\/v2\/categories?post=38764"},{"taxonomy":"post_tag","embeddable":true,"href":"https:\/\/cdnoticias.com\/index.php\/wp-json\/wp\/v2\/tags?post=38764"}],"curies":[{"name":"wp","href":"https:\/\/api.w.org\/{rel}","templated":true}]}}