{"id":38753,"date":"2021-11-14T22:21:53","date_gmt":"2021-11-15T01:21:53","guid":{"rendered":"http:\/\/www.centraldenoticias.com.ar\/?p=38753"},"modified":"2021-11-14T22:21:53","modified_gmt":"2021-11-15T01:21:53","slug":"yessica-almeida-se-empieza-a-reflejar-el-crecimiento-de-la-izquierda","status":"publish","type":"post","link":"https:\/\/cdnoticias.com\/index.php\/2021\/11\/14\/yessica-almeida-se-empieza-a-reflejar-el-crecimiento-de-la-izquierda\/","title":{"rendered":"Yessica Almeida: \u201cSe empieza a reflejar el crecimiento de la Izquierda\u201d"},"content":{"rendered":"<p>La primera candidata por el Frente de Izquierda celebr\u00f3 el caudal de votos cosechado desde el espacio, que se ubic\u00f3 en el cuarto lugar.<!--more--><\/p>\n<hr \/>\n<p><strong>\u201cMuy contentos, porque se empieza a reflejar el crecimiento de la izquierda que ve\u00edamos en la campa\u00f1a\u201d<\/strong>, celebr\u00f3 la primera candidata a concejala por el Frente de Izquierda, que si bien no logr\u00f3 los votos para ingresar el Concejo Deliberante, cosech\u00f3 un acompa\u00f1amiento del electorado en valores hist\u00f3ricos para el espacio en nuestra ciudad.<\/p>\n<p>&nbsp;<\/p>\n<p><img data-recalc-dims=\"1\" loading=\"lazy\" decoding=\"async\" class=\"alignnone size-full wp-image-38755\" src=\"https:\/\/i0.wp.com\/cdnoticias.com\/wp-content\/uploads\/2021\/11\/Yessi-Almeida-01.jpg?resize=800%2C445&#038;ssl=1\" alt=\"\" width=\"800\" height=\"445\" srcset=\"https:\/\/i0.wp.com\/cdnoticias.com\/wp-content\/uploads\/2021\/11\/Yessi-Almeida-01.jpg?w=800&amp;ssl=1 800w, https:\/\/i0.wp.com\/cdnoticias.com\/wp-content\/uploads\/2021\/11\/Yessi-Almeida-01.jpg?resize=300%2C167&amp;ssl=1 300w, https:\/\/i0.wp.com\/cdnoticias.com\/wp-content\/uploads\/2021\/11\/Yessi-Almeida-01.jpg?resize=768%2C427&amp;ssl=1 768w\" sizes=\"auto, (max-width: 800px) 100vw, 800px\" \/><\/p>\n<p>&nbsp;<\/p>\n<p>Si bien aguardaba por las cifras oficiales, haber superado los 6 puntos \u201cpara la izquierda en Olavarr\u00eda seria algo hist\u00f3rico\u201d, ponder\u00f3 a medida que recordaba el acompa\u00f1amiento que vienen teniendo en los \u00faltimos comicios. <strong>\u201cEl crecimiento del Frente de Izquierda nos enorgullece un mont\u00f3n\u201d<\/strong>, agreg\u00f3.<\/p>\n<p>&nbsp;<\/p>\n<p>Por otra parte, la tendencia tambi\u00e9n se vio en la Provincia y se\u00f1al\u00f3 que <strong>\u201cen algunos Concejos estamos ingresando\u201d,<\/strong> a la par de la obtenci\u00f3n de los resultados proyectados en cuanto al Congreso. Por \u00faltimo, no quiso dejar pasar la ocasi\u00f3n para agradecer a la militancia \u201cque le estuvieron metiendo garra todo el d\u00eda. Todos nuestros fiscales son militantes que lo hacen por convencimiento y gracias tambi\u00e9n a quienes nos han acompa\u00f1ado con el voto\u201d.<\/p>\n","protected":false},"excerpt":{"rendered":"<p>La primera candidata por el Frente de Izquierda celebr\u00f3 el caudal de votos cosechado desde el espacio, que se ubic\u00f3<\/p>\n","protected":false},"author":2,"featured_media":38756,"comment_status":"closed","ping_status":"closed","sticky":false,"template":"","format":"standard","meta":{"_jetpack_memberships_contains_paid_content":false,"footnotes":""},"categories":[17,1],"tags":[],"class_list":["post-38753","post","type-post","status-publish","format-standard","has-post-thumbnail","hentry","category-elecciones-2021","category-portada"],"jetpack_featured_media_url":"https:\/\/i0.wp.com\/cdnoticias.com\/wp-content\/uploads\/2021\/11\/Yessi-Almeida.jpg?fit=800%2C445&ssl=1","jetpack_sharing_enabled":true,"_links":{"self":[{"href":"https:\/\/cdnoticias.com\/index.php\/wp-json\/wp\/v2\/posts\/38753","targetHints":{"allow":["GET"]}}],"collection":[{"href":"https:\/\/cdnoticias.com\/index.php\/wp-json\/wp\/v2\/posts"}],"about":[{"href":"https:\/\/cdnoticias.com\/index.php\/wp-json\/wp\/v2\/types\/post"}],"author":[{"embeddable":true,"href":"https:\/\/cdnoticias.com\/index.php\/wp-json\/wp\/v2\/users\/2"}],"replies":[{"embeddable":true,"href":"https:\/\/cdnoticias.com\/index.php\/wp-json\/wp\/v2\/comments?post=38753"}],"version-history":[{"count":0,"href":"https:\/\/cdnoticias.com\/index.php\/wp-json\/wp\/v2\/posts\/38753\/revisions"}],"wp:featuredmedia":[{"embeddable":true,"href":"https:\/\/cdnoticias.com\/index.php\/wp-json\/wp\/v2\/media\/38756"}],"wp:attachment":[{"href":"https:\/\/cdnoticias.com\/index.php\/wp-json\/wp\/v2\/media?parent=38753"}],"wp:term":[{"taxonomy":"category","embeddable":true,"href":"https:\/\/cdnoticias.com\/index.php\/wp-json\/wp\/v2\/categories?post=38753"},{"taxonomy":"post_tag","embeddable":true,"href":"https:\/\/cdnoticias.com\/index.php\/wp-json\/wp\/v2\/tags?post=38753"}],"curies":[{"name":"wp","href":"https:\/\/api.w.org\/{rel}","templated":true}]}}