{"id":38749,"date":"2021-11-14T22:19:20","date_gmt":"2021-11-15T01:19:20","guid":{"rendered":"http:\/\/www.centraldenoticias.com.ar\/?p=38749"},"modified":"2021-11-14T22:19:20","modified_gmt":"2021-11-15T01:19:20","slug":"maximiliano-wesner-quedo-demostrado-que-a-olavarria-la-caminamos-toda","status":"publish","type":"post","link":"https:\/\/cdnoticias.com\/index.php\/2021\/11\/14\/maximiliano-wesner-quedo-demostrado-que-a-olavarria-la-caminamos-toda\/","title":{"rendered":"Maximiliano Wesner: \u201cQued\u00f3 demostrado que a Olavarr\u00eda la caminamos toda\u201d"},"content":{"rendered":"<p>El concejal electo por el Frente de Todos analiz\u00f3 los resultados y puso el acento en el crecimiento del espacio con relaci\u00f3n a las PASO.<!--more--><\/p>\n<hr \/>\n<p><strong>\u201cPara nosotros es una alegr\u00eda, hemos caminado hasta el cansancio\u201d,<\/strong> declar\u00f3 Maximiliano Wesner antes que la emoci\u00f3n le arrebate la voz. El concejal electo por el Frente de Todos dialog\u00f3 a solas con <em><strong>Central de Noticias<\/strong><\/em> y analiz\u00f3 los resultados provisorios, en los que se pudo ver un crecimiento del caudal e votos con respecto a las PASO. \u201cNos puso muy contentos&#8221; agreg\u00f3.<\/p>\n<p>&nbsp;<\/p>\n<p>Instantes despu\u00e9s de hablar a la militancia y referentes tanto locales como seccionales y bonaerenses del Frente de Todos, Wesner busc\u00f3 la explicaci\u00f3n al resultado en la tarea hecha en las calles. <strong>\u201cUno se emociona porque me acuerdo de todos los vecinos y vecinas que me abrieron la puerta en plena pandemia, cuando uno habla lo atrapa la emoci\u00f3n porque piensa en ellos, y es por ellos que vamos a seguir trabajando ma\u00f1ana mismo\u201d<\/strong>, enfatiz\u00f3.<\/p>\n<p>&nbsp;<\/p>\n<p>Fue all\u00ed que record\u00f3 las visitas a las localidades serrano, \u201cel cord\u00f3n serrano es fundamental para nuestro desarrollo\u201d, ponder\u00f3 pero tambi\u00e9n resalt\u00f3 lo hecho en el resto de las localidades y en los barrios de la ciudad. \u201cQued\u00f3 demostrado que la recorrimos toda\u201d, subray\u00f3 y agreg\u00f3 que <strong>\u201cqueremos una Olavarr\u00eda \u00edntegra\u201d<\/strong>.<\/p>\n<p>&nbsp;<\/p>\n<p>Por \u00faltimo, analizando no s\u00f3lo lo sucedido en nuestro Partido sino en toda la provincia se\u00f1al\u00f3 que \u201cel humor es otro\u201d y que, adem\u00e1s,<strong> \u201cqued\u00f3 de manifiesto la reactivaci\u00f3n y se not\u00f3 en las urnas\u201d<\/strong>, finaliz\u00f3.<\/p>\n","protected":false},"excerpt":{"rendered":"<p>El concejal electo por el Frente de Todos analiz\u00f3 los resultados y puso el acento en el crecimiento del espacio<\/p>\n","protected":false},"author":2,"featured_media":38733,"comment_status":"closed","ping_status":"closed","sticky":false,"template":"","format":"standard","meta":{"_jetpack_memberships_contains_paid_content":false,"footnotes":""},"categories":[17,1],"tags":[],"class_list":["post-38749","post","type-post","status-publish","format-standard","has-post-thumbnail","hentry","category-elecciones-2021","category-portada"],"jetpack_featured_media_url":"https:\/\/i0.wp.com\/cdnoticias.com\/wp-content\/uploads\/2021\/11\/todos01.jpg?fit=800%2C445&ssl=1","jetpack_sharing_enabled":true,"_links":{"self":[{"href":"https:\/\/cdnoticias.com\/index.php\/wp-json\/wp\/v2\/posts\/38749","targetHints":{"allow":["GET"]}}],"collection":[{"href":"https:\/\/cdnoticias.com\/index.php\/wp-json\/wp\/v2\/posts"}],"about":[{"href":"https:\/\/cdnoticias.com\/index.php\/wp-json\/wp\/v2\/types\/post"}],"author":[{"embeddable":true,"href":"https:\/\/cdnoticias.com\/index.php\/wp-json\/wp\/v2\/users\/2"}],"replies":[{"embeddable":true,"href":"https:\/\/cdnoticias.com\/index.php\/wp-json\/wp\/v2\/comments?post=38749"}],"version-history":[{"count":0,"href":"https:\/\/cdnoticias.com\/index.php\/wp-json\/wp\/v2\/posts\/38749\/revisions"}],"wp:featuredmedia":[{"embeddable":true,"href":"https:\/\/cdnoticias.com\/index.php\/wp-json\/wp\/v2\/media\/38733"}],"wp:attachment":[{"href":"https:\/\/cdnoticias.com\/index.php\/wp-json\/wp\/v2\/media?parent=38749"}],"wp:term":[{"taxonomy":"category","embeddable":true,"href":"https:\/\/cdnoticias.com\/index.php\/wp-json\/wp\/v2\/categories?post=38749"},{"taxonomy":"post_tag","embeddable":true,"href":"https:\/\/cdnoticias.com\/index.php\/wp-json\/wp\/v2\/tags?post=38749"}],"curies":[{"name":"wp","href":"https:\/\/api.w.org\/{rel}","templated":true}]}}