{"id":38740,"date":"2021-11-14T21:47:18","date_gmt":"2021-11-15T00:47:18","guid":{"rendered":"http:\/\/www.centraldenoticias.com.ar\/?p=38740"},"modified":"2021-11-14T22:18:58","modified_gmt":"2021-11-15T01:18:58","slug":"maximiliano-wesner-hemos-logrado-un-gran-resultado-en-olavarria","status":"publish","type":"post","link":"https:\/\/cdnoticias.com\/index.php\/2021\/11\/14\/maximiliano-wesner-hemos-logrado-un-gran-resultado-en-olavarria\/","title":{"rendered":"Maximiliano Wesner: \u201cHemos logrado un gran resultado en Olavarr\u00eda\u201d"},"content":{"rendered":"<p>El candidato por el Frente de Todos manifest\u00f3 su alegr\u00eda y se\u00f1al\u00f3 que con los resultados podr\u00edan ingresar cuatro concejales por el espacio. \u201cHoy comienza algo distinto\u201d.\u00a0<!--more--><\/p>\n<hr \/>\n<p>Tras el avance del escrutinio provisorio de forma oficial, <strong>el candidato del Frente de Todos, Maximiliano Wesner, no pudo ocultar su alegr\u00eda por los resultados. Confirm\u00f3 que, seg\u00fan sus c\u00e1lculos, ingresar\u00edan cuatro concejales.<\/strong><\/p>\n<p>&nbsp;<\/p>\n<p>Agradeci\u00f3 a militantes, fiscales y todos los que acompa\u00f1aron la lista <em>\u201cdefendiendo el proyecto del voto nacional y popular que venimos bancando hace a\u00f1os en Olavarr\u00eda\u201d.<\/em><\/p>\n<p>&nbsp;<\/p>\n<p><img data-recalc-dims=\"1\" loading=\"lazy\" decoding=\"async\" class=\"alignnone size-full wp-image-38732\" src=\"https:\/\/i0.wp.com\/cdnoticias.com\/wp-content\/uploads\/2021\/11\/todos-1.jpg?resize=800%2C445&#038;ssl=1\" alt=\"\" width=\"800\" height=\"445\" srcset=\"https:\/\/i0.wp.com\/cdnoticias.com\/wp-content\/uploads\/2021\/11\/todos-1.jpg?w=800&amp;ssl=1 800w, https:\/\/i0.wp.com\/cdnoticias.com\/wp-content\/uploads\/2021\/11\/todos-1.jpg?resize=300%2C167&amp;ssl=1 300w, https:\/\/i0.wp.com\/cdnoticias.com\/wp-content\/uploads\/2021\/11\/todos-1.jpg?resize=768%2C427&amp;ssl=1 768w\" sizes=\"auto, (max-width: 800px) 100vw, 800px\" \/><\/p>\n<p>&nbsp;<\/p>\n<blockquote><p>Valor\u00f3 el trabajo del equipo y confirm\u00f3 que \u201chemos logrado un gran resultado en Olavarr\u00eda\u201d. Agradeci\u00f3 a \u201ctodos los vecinos y vecinas que apostaron a esta lista\u201d.<\/p><\/blockquote>\n<p>&nbsp;<\/p>\n<p><em>\u201cHoy comienza algo distinto. Ma\u00f1ana vamos a estar laburando en la calle. Hemos crecido un punto porcentual respecto de las elecciones anteriores\u201d<\/em> y<strong> confirm\u00f3 que Eduardo \u201cBali\u201d Bucca ser\u00e1 senador provincial.<\/strong> Agradeci\u00f3 al gobernador Kicillof por visitar la ciudad en dos oportunidades.<\/p>\n<p>&nbsp;<\/p>\n<p><img data-recalc-dims=\"1\" loading=\"lazy\" decoding=\"async\" class=\"alignnone size-full wp-image-38733\" src=\"https:\/\/i0.wp.com\/cdnoticias.com\/wp-content\/uploads\/2021\/11\/todos01.jpg?resize=800%2C445&#038;ssl=1\" alt=\"\" width=\"800\" height=\"445\" srcset=\"https:\/\/i0.wp.com\/cdnoticias.com\/wp-content\/uploads\/2021\/11\/todos01.jpg?w=800&amp;ssl=1 800w, https:\/\/i0.wp.com\/cdnoticias.com\/wp-content\/uploads\/2021\/11\/todos01.jpg?resize=300%2C167&amp;ssl=1 300w, https:\/\/i0.wp.com\/cdnoticias.com\/wp-content\/uploads\/2021\/11\/todos01.jpg?resize=768%2C427&amp;ssl=1 768w\" sizes=\"auto, (max-width: 800px) 100vw, 800px\" \/><\/p>\n<p>&nbsp;<\/p>\n<blockquote><p>\u201cEl compromiso es grande pero lo asumiremos con enorme responsabilidad. Esto no queda en una campa\u00f1a, en la coyuntura electoral. Tenemos la firme convicci\u00f3n de crear y hacer una Olavarr\u00eda diferente, para todos y todas\u201d.<\/p><\/blockquote>\n<p>&nbsp;<\/p>\n<p>Se\u00f1al\u00f3, metido de lleno en la coyuntura de la ciudad, es que<em> \u201cno hay vecinos y vecinas de primera y de segunda en Olavarr\u00eda\u201d y \u201cvamos a seguir dando la batalla dentro del recinto\u201d.<\/em><\/p>\n","protected":false},"excerpt":{"rendered":"<p>El candidato por el Frente de Todos manifest\u00f3 su alegr\u00eda y se\u00f1al\u00f3 que con los resultados podr\u00edan ingresar cuatro concejales<\/p>\n","protected":false},"author":2,"featured_media":38734,"comment_status":"closed","ping_status":"closed","sticky":false,"template":"","format":"standard","meta":{"_jetpack_memberships_contains_paid_content":false,"footnotes":""},"categories":[17],"tags":[],"class_list":["post-38740","post","type-post","status-publish","format-standard","has-post-thumbnail","hentry","category-elecciones-2021"],"jetpack_featured_media_url":"https:\/\/i0.wp.com\/cdnoticias.com\/wp-content\/uploads\/2021\/11\/todos01-1.jpg?fit=800%2C445&ssl=1","jetpack_sharing_enabled":true,"_links":{"self":[{"href":"https:\/\/cdnoticias.com\/index.php\/wp-json\/wp\/v2\/posts\/38740","targetHints":{"allow":["GET"]}}],"collection":[{"href":"https:\/\/cdnoticias.com\/index.php\/wp-json\/wp\/v2\/posts"}],"about":[{"href":"https:\/\/cdnoticias.com\/index.php\/wp-json\/wp\/v2\/types\/post"}],"author":[{"embeddable":true,"href":"https:\/\/cdnoticias.com\/index.php\/wp-json\/wp\/v2\/users\/2"}],"replies":[{"embeddable":true,"href":"https:\/\/cdnoticias.com\/index.php\/wp-json\/wp\/v2\/comments?post=38740"}],"version-history":[{"count":0,"href":"https:\/\/cdnoticias.com\/index.php\/wp-json\/wp\/v2\/posts\/38740\/revisions"}],"wp:featuredmedia":[{"embeddable":true,"href":"https:\/\/cdnoticias.com\/index.php\/wp-json\/wp\/v2\/media\/38734"}],"wp:attachment":[{"href":"https:\/\/cdnoticias.com\/index.php\/wp-json\/wp\/v2\/media?parent=38740"}],"wp:term":[{"taxonomy":"category","embeddable":true,"href":"https:\/\/cdnoticias.com\/index.php\/wp-json\/wp\/v2\/categories?post=38740"},{"taxonomy":"post_tag","embeddable":true,"href":"https:\/\/cdnoticias.com\/index.php\/wp-json\/wp\/v2\/tags?post=38740"}],"curies":[{"name":"wp","href":"https:\/\/api.w.org\/{rel}","templated":true}]}}