{"id":38680,"date":"2021-11-14T14:15:49","date_gmt":"2021-11-14T17:15:49","guid":{"rendered":"http:\/\/www.centraldenoticias.com.ar\/?p=38680"},"modified":"2021-11-14T14:15:49","modified_gmt":"2021-11-14T17:15:49","slug":"galeria-una-jornada-democratica-a-puro-sol-en-olavarria","status":"publish","type":"post","link":"https:\/\/cdnoticias.com\/index.php\/2021\/11\/14\/galeria-una-jornada-democratica-a-puro-sol-en-olavarria\/","title":{"rendered":"GALER\u00cdA: Una jornada democr\u00e1tica a puro sol en Olavarr\u00eda"},"content":{"rendered":"<p>Desde Ra\u00fal, que con 81 a\u00f1os vot\u00f3 minutos despu\u00e9s que el Intendente Galli hasta las charlas entre Hilario Galli y Maxi Wesner, c\u00f3mo se vivi\u00f3 la ma\u00f1ana electoral en la ciudad.\u00a0<!--more--><\/p>\n<hr \/>\n<p>Ra\u00fal, con 81 a\u00f1os, fue a votar al Jard\u00edn N\u00b0 902 con su hermano y su hija. La emoci\u00f3n de salir tras votar se hizo visible, con la particularidad de que fue minutos despu\u00e9s que el Intendente Galli. <strong>En esta galer\u00eda, te mostramos los mejores momentos de la jornada electoral Legislativa 2021.<\/strong><\/p>\n<p>&nbsp;<\/p>\n<p>Desde el breve <strong>di\u00e1logo entre Hilario Galli y Maximiliano Wesner fuera de la Secundaria N\u00b0 1<\/strong>, pasando por la charla entre Bruno Cenizo y Ramiro Borzi (Regi\u00f3n Sanitaria IX) junto a la abogada Gabriela \u00c1lvarez Morello, <strong>la ciudad se vio repleta de im\u00e1genes de concordia festivas por el acto democr\u00e1tico.<\/strong><\/p>\n<p>&nbsp;<\/p>\n<p>Las im\u00e1genes fueron tomadas, adem\u00e1s de integrantes de Central de Noticias, por integrantes de Radio Universidad Olavarr\u00eda, Agencia Comunica y tambi\u00e9n de la c\u00e1tedra de Periodismo Digital de la Facultad de Ciencias Sociales (Unicen).<\/p>\n<p>&nbsp;<\/p>\n<p>[soliloquy id=&#8221;38682&#8243;]<\/p>\n","protected":false},"excerpt":{"rendered":"<p>Desde Ra\u00fal, que con 81 a\u00f1os vot\u00f3 minutos despu\u00e9s que el Intendente Galli hasta las charlas entre Hilario Galli y<\/p>\n","protected":false},"author":2,"featured_media":38678,"comment_status":"closed","ping_status":"closed","sticky":false,"template":"","format":"standard","meta":{"_jetpack_memberships_contains_paid_content":false,"footnotes":""},"categories":[17,1],"tags":[],"class_list":["post-38680","post","type-post","status-publish","format-standard","has-post-thumbnail","hentry","category-elecciones-2021","category-portada"],"jetpack_featured_media_url":"https:\/\/i0.wp.com\/cdnoticias.com\/wp-content\/uploads\/2021\/11\/legislativagale9.jpg?fit=1152%2C640&ssl=1","jetpack_sharing_enabled":true,"_links":{"self":[{"href":"https:\/\/cdnoticias.com\/index.php\/wp-json\/wp\/v2\/posts\/38680","targetHints":{"allow":["GET"]}}],"collection":[{"href":"https:\/\/cdnoticias.com\/index.php\/wp-json\/wp\/v2\/posts"}],"about":[{"href":"https:\/\/cdnoticias.com\/index.php\/wp-json\/wp\/v2\/types\/post"}],"author":[{"embeddable":true,"href":"https:\/\/cdnoticias.com\/index.php\/wp-json\/wp\/v2\/users\/2"}],"replies":[{"embeddable":true,"href":"https:\/\/cdnoticias.com\/index.php\/wp-json\/wp\/v2\/comments?post=38680"}],"version-history":[{"count":0,"href":"https:\/\/cdnoticias.com\/index.php\/wp-json\/wp\/v2\/posts\/38680\/revisions"}],"wp:featuredmedia":[{"embeddable":true,"href":"https:\/\/cdnoticias.com\/index.php\/wp-json\/wp\/v2\/media\/38678"}],"wp:attachment":[{"href":"https:\/\/cdnoticias.com\/index.php\/wp-json\/wp\/v2\/media?parent=38680"}],"wp:term":[{"taxonomy":"category","embeddable":true,"href":"https:\/\/cdnoticias.com\/index.php\/wp-json\/wp\/v2\/categories?post=38680"},{"taxonomy":"post_tag","embeddable":true,"href":"https:\/\/cdnoticias.com\/index.php\/wp-json\/wp\/v2\/tags?post=38680"}],"curies":[{"name":"wp","href":"https:\/\/api.w.org\/{rel}","templated":true}]}}