{"id":38674,"date":"2021-11-14T14:06:23","date_gmt":"2021-11-14T17:06:23","guid":{"rendered":"http:\/\/www.centraldenoticias.com.ar\/?p=38674"},"modified":"2021-11-14T14:06:23","modified_gmt":"2021-11-14T17:06:23","slug":"belen-vergel-en-esa-urna-se-va-a-reflejar-el-tipo-de-pais-que-queremos","status":"publish","type":"post","link":"https:\/\/cdnoticias.com\/index.php\/2021\/11\/14\/belen-vergel-en-esa-urna-se-va-a-reflejar-el-tipo-de-pais-que-queremos\/","title":{"rendered":"Bel\u00e9n Vergel: \u201cEn esa urna se va a reflejar el tipo de pa\u00eds que queremos\u201d"},"content":{"rendered":"<p>As\u00ed lo manifest\u00f3 la candidata a concejal en sexto lugar por Juntos. Indic\u00f3 que es una jornada de &#8220;mucha participaci\u00f3n&#8221; de los ciudadanos.\u00a0<!--more--><\/p>\n<hr \/>\n<p><strong><em>\u201cTodas las jornadas en la que podamos votar son m\u00e1s que importantes\u201d<\/em><\/strong>, resalt\u00f3 la candidata en sexto lugar por Juntos al momento de emitir su voto en la Escuela Primaria N\u00b0 51.<\/p>\n<p>&nbsp;<\/p>\n<p>Bel\u00e9n Vergel dio cuenta de una jornada de<em> \u201cmucha participaci\u00f3n\u201d<\/em> y avizor\u00f3 una elecci\u00f3n<strong><em> \u201cen la que se va a ampliar la cantidad de votantes\u201d<\/em> <\/strong>respecto a lo ocurrido en las PASO.<\/p>\n<p>&nbsp;<\/p>\n<p><img data-recalc-dims=\"1\" loading=\"lazy\" decoding=\"async\" class=\"alignnone size-large wp-image-38676\" src=\"https:\/\/i0.wp.com\/cdnoticias.com\/wp-content\/uploads\/2021\/11\/WhatsApp-Image-2021-11-14-at-13.36.20-1.jpeg?resize=800%2C720&#038;ssl=1\" alt=\"\" width=\"800\" height=\"720\" srcset=\"https:\/\/i0.wp.com\/cdnoticias.com\/wp-content\/uploads\/2021\/11\/WhatsApp-Image-2021-11-14-at-13.36.20-1.jpeg?resize=1024%2C921&amp;ssl=1 1024w, https:\/\/i0.wp.com\/cdnoticias.com\/wp-content\/uploads\/2021\/11\/WhatsApp-Image-2021-11-14-at-13.36.20-1.jpeg?resize=300%2C270&amp;ssl=1 300w, https:\/\/i0.wp.com\/cdnoticias.com\/wp-content\/uploads\/2021\/11\/WhatsApp-Image-2021-11-14-at-13.36.20-1.jpeg?resize=768%2C690&amp;ssl=1 768w, https:\/\/i0.wp.com\/cdnoticias.com\/wp-content\/uploads\/2021\/11\/WhatsApp-Image-2021-11-14-at-13.36.20-1.jpeg?w=1080&amp;ssl=1 1080w\" sizes=\"auto, (max-width: 800px) 100vw, 800px\" \/><\/p>\n<p>&nbsp;<\/p>\n<p>Por otra parte, explic\u00f3 que desde el radicalismo se encuentran trabajando en conjunto con el PRO, tal cual lo acordado luego de la interna:<em> \u201cLa relaci\u00f3n es excelente. Estamos pensando en adelante\u201d. \u00a0<\/em><\/p>\n<p>&nbsp;<\/p>\n<p><strong><em>\u201cEn esa urna se va a reflejar el tipo de pa\u00eds que queremos\u201d<\/em><\/strong>, concluy\u00f3 Vergel.<\/p>\n","protected":false},"excerpt":{"rendered":"<p>As\u00ed lo manifest\u00f3 la candidata a concejal en sexto lugar por Juntos. Indic\u00f3 que es una jornada de &#8220;mucha participaci\u00f3n&#8221;<\/p>\n","protected":false},"author":2,"featured_media":38675,"comment_status":"closed","ping_status":"closed","sticky":false,"template":"","format":"standard","meta":{"_jetpack_memberships_contains_paid_content":false,"footnotes":""},"categories":[17,1],"tags":[],"class_list":["post-38674","post","type-post","status-publish","format-standard","has-post-thumbnail","hentry","category-elecciones-2021","category-portada"],"jetpack_featured_media_url":"https:\/\/i0.wp.com\/cdnoticias.com\/wp-content\/uploads\/2021\/11\/WhatsApp-Image-2021-11-14-at-13.26.21.jpeg?fit=1280%2C853&ssl=1","jetpack_sharing_enabled":true,"_links":{"self":[{"href":"https:\/\/cdnoticias.com\/index.php\/wp-json\/wp\/v2\/posts\/38674","targetHints":{"allow":["GET"]}}],"collection":[{"href":"https:\/\/cdnoticias.com\/index.php\/wp-json\/wp\/v2\/posts"}],"about":[{"href":"https:\/\/cdnoticias.com\/index.php\/wp-json\/wp\/v2\/types\/post"}],"author":[{"embeddable":true,"href":"https:\/\/cdnoticias.com\/index.php\/wp-json\/wp\/v2\/users\/2"}],"replies":[{"embeddable":true,"href":"https:\/\/cdnoticias.com\/index.php\/wp-json\/wp\/v2\/comments?post=38674"}],"version-history":[{"count":0,"href":"https:\/\/cdnoticias.com\/index.php\/wp-json\/wp\/v2\/posts\/38674\/revisions"}],"wp:featuredmedia":[{"embeddable":true,"href":"https:\/\/cdnoticias.com\/index.php\/wp-json\/wp\/v2\/media\/38675"}],"wp:attachment":[{"href":"https:\/\/cdnoticias.com\/index.php\/wp-json\/wp\/v2\/media?parent=38674"}],"wp:term":[{"taxonomy":"category","embeddable":true,"href":"https:\/\/cdnoticias.com\/index.php\/wp-json\/wp\/v2\/categories?post=38674"},{"taxonomy":"post_tag","embeddable":true,"href":"https:\/\/cdnoticias.com\/index.php\/wp-json\/wp\/v2\/tags?post=38674"}],"curies":[{"name":"wp","href":"https:\/\/api.w.org\/{rel}","templated":true}]}}