{"id":38653,"date":"2021-11-14T13:41:49","date_gmt":"2021-11-14T16:41:49","guid":{"rendered":"http:\/\/www.centraldenoticias.com.ar\/?p=38653"},"modified":"2021-11-14T14:18:06","modified_gmt":"2021-11-14T17:18:06","slug":"celeste-arouxet-estamos-viviendo-un-sueno","status":"publish","type":"post","link":"https:\/\/cdnoticias.com\/index.php\/2021\/11\/14\/celeste-arouxet-estamos-viviendo-un-sueno\/","title":{"rendered":"Celeste Arouxet: \u201cEstamos viviendo un sue\u00f1o\u201d"},"content":{"rendered":"<p>La candidata a primera concejal de Avanza Libertad destac\u00f3 el apoyo recibido pese a ser un espacio formado hace pocos meses.<!--more--><\/p>\n<hr \/>\n<p>Celeste Arouxet, candidata a primera concejal de Avanza Libertad emiti\u00f3 su voto en la Escuela N\u00b0 24. En di\u00e1logo con los medios presentes resalt\u00f3 la agilidad general en la votaci\u00f3n y advirti\u00f3 alg\u00fan problema en una mesa respecto a boletas de otro municipio: <em>\u201cFue solucionado r\u00e1pidamente\u201d.<\/em><\/p>\n<p>&nbsp;<\/p>\n<p>Por otra parte, asegur\u00f3 que <em>\u201cla elecci\u00f3n nuestra viene muy bien\u201d<\/em> y que <em>\u201cel espacio est\u00e1 creciendo. Estamos contentos con lo logrado hasta ahora\u201d.<\/em><\/p>\n<p>&nbsp;<\/p>\n<p><strong><em>\u201cEstamos viviendo un sue\u00f1o, agradezco al equipo y al apoyo de la gente. Fue impensado que esto se de en el corto plazo\u201d,<\/em><\/strong> afirm\u00f3 Arouxet y agreg\u00f3: <em>\u201ceso vale m\u00e1s que cualquier porcentaje\u201d.<\/em><\/p>\n<p>&nbsp;<\/p>\n<p><img data-recalc-dims=\"1\" loading=\"lazy\" decoding=\"async\" class=\"alignnone size-large wp-image-38655\" src=\"https:\/\/i0.wp.com\/cdnoticias.com\/wp-content\/uploads\/2021\/11\/arouxet03.jpg?resize=800%2C445&#038;ssl=1\" alt=\"\" width=\"800\" height=\"445\" srcset=\"https:\/\/i0.wp.com\/cdnoticias.com\/wp-content\/uploads\/2021\/11\/arouxet03.jpg?resize=1024%2C569&amp;ssl=1 1024w, https:\/\/i0.wp.com\/cdnoticias.com\/wp-content\/uploads\/2021\/11\/arouxet03.jpg?resize=300%2C167&amp;ssl=1 300w, https:\/\/i0.wp.com\/cdnoticias.com\/wp-content\/uploads\/2021\/11\/arouxet03.jpg?resize=768%2C427&amp;ssl=1 768w, https:\/\/i0.wp.com\/cdnoticias.com\/wp-content\/uploads\/2021\/11\/arouxet03.jpg?resize=800%2C445&amp;ssl=1 800w, https:\/\/i0.wp.com\/cdnoticias.com\/wp-content\/uploads\/2021\/11\/arouxet03.jpg?w=1152&amp;ssl=1 1152w\" sizes=\"auto, (max-width: 800px) 100vw, 800px\" \/><\/p>\n<p>&nbsp;<\/p>\n<p>Indic\u00f3 que <em>\u201cahora ya est\u00e1, ya se hizo todo, ahora esperar a que se abran las urnas y el lunes a seguir trabajando\u201d.<\/em><\/p>\n<p>&nbsp;<\/p>\n<p>Por \u00faltimo, record\u00f3 que es una <strong>elecci\u00f3n legislativa<\/strong> donde <em>\u201cse eligen concejales que te pueden llegar a ayudar a mejorar la calidad de vida de la ciudad en la que viv\u00eds, donde pones tu impuesto todos los d\u00edas\u201d.<\/em><\/p>\n<p>&nbsp;<\/p>\n<p><img data-recalc-dims=\"1\" loading=\"lazy\" decoding=\"async\" class=\"alignnone size-large wp-image-38657\" src=\"https:\/\/i0.wp.com\/cdnoticias.com\/wp-content\/uploads\/2021\/11\/arouxet01.jpg?resize=800%2C445&#038;ssl=1\" alt=\"\" width=\"800\" height=\"445\" srcset=\"https:\/\/i0.wp.com\/cdnoticias.com\/wp-content\/uploads\/2021\/11\/arouxet01.jpg?resize=1024%2C569&amp;ssl=1 1024w, https:\/\/i0.wp.com\/cdnoticias.com\/wp-content\/uploads\/2021\/11\/arouxet01.jpg?resize=300%2C167&amp;ssl=1 300w, https:\/\/i0.wp.com\/cdnoticias.com\/wp-content\/uploads\/2021\/11\/arouxet01.jpg?resize=768%2C427&amp;ssl=1 768w, https:\/\/i0.wp.com\/cdnoticias.com\/wp-content\/uploads\/2021\/11\/arouxet01.jpg?resize=800%2C445&amp;ssl=1 800w, https:\/\/i0.wp.com\/cdnoticias.com\/wp-content\/uploads\/2021\/11\/arouxet01.jpg?w=1152&amp;ssl=1 1152w\" sizes=\"auto, (max-width: 800px) 100vw, 800px\" \/><\/p>\n<p>&nbsp;<\/p>\n<p><strong><em>\u201cA la hora de poner el voto piensen quien los puede ayudar a cambiar un poco la realidad ante todos los problemas que estamos teniendo los olavarrienses\u201d<\/em><\/strong>, concluy\u00f3.<\/p>\n","protected":false},"excerpt":{"rendered":"<p>La candidata a primera concejal de Avanza Libertad destac\u00f3 el apoyo recibido pese a ser un espacio formado hace pocos<\/p>\n","protected":false},"author":2,"featured_media":38654,"comment_status":"closed","ping_status":"closed","sticky":false,"template":"","format":"standard","meta":{"_jetpack_memberships_contains_paid_content":false,"footnotes":""},"categories":[17,1],"tags":[],"class_list":["post-38653","post","type-post","status-publish","format-standard","has-post-thumbnail","hentry","category-elecciones-2021","category-portada"],"jetpack_featured_media_url":"https:\/\/i0.wp.com\/cdnoticias.com\/wp-content\/uploads\/2021\/11\/arouxet04.jpg?fit=1152%2C640&ssl=1","jetpack_sharing_enabled":true,"_links":{"self":[{"href":"https:\/\/cdnoticias.com\/index.php\/wp-json\/wp\/v2\/posts\/38653","targetHints":{"allow":["GET"]}}],"collection":[{"href":"https:\/\/cdnoticias.com\/index.php\/wp-json\/wp\/v2\/posts"}],"about":[{"href":"https:\/\/cdnoticias.com\/index.php\/wp-json\/wp\/v2\/types\/post"}],"author":[{"embeddable":true,"href":"https:\/\/cdnoticias.com\/index.php\/wp-json\/wp\/v2\/users\/2"}],"replies":[{"embeddable":true,"href":"https:\/\/cdnoticias.com\/index.php\/wp-json\/wp\/v2\/comments?post=38653"}],"version-history":[{"count":0,"href":"https:\/\/cdnoticias.com\/index.php\/wp-json\/wp\/v2\/posts\/38653\/revisions"}],"wp:featuredmedia":[{"embeddable":true,"href":"https:\/\/cdnoticias.com\/index.php\/wp-json\/wp\/v2\/media\/38654"}],"wp:attachment":[{"href":"https:\/\/cdnoticias.com\/index.php\/wp-json\/wp\/v2\/media?parent=38653"}],"wp:term":[{"taxonomy":"category","embeddable":true,"href":"https:\/\/cdnoticias.com\/index.php\/wp-json\/wp\/v2\/categories?post=38653"},{"taxonomy":"post_tag","embeddable":true,"href":"https:\/\/cdnoticias.com\/index.php\/wp-json\/wp\/v2\/tags?post=38653"}],"curies":[{"name":"wp","href":"https:\/\/api.w.org\/{rel}","templated":true}]}}