{"id":38647,"date":"2021-11-14T13:13:28","date_gmt":"2021-11-14T16:13:28","guid":{"rendered":"http:\/\/www.centraldenoticias.com.ar\/?p=38647"},"modified":"2021-11-16T08:30:58","modified_gmt":"2021-11-16T11:30:58","slug":"federico-aguilera-esperamos-que-el-resultado-sea-el-mejor","status":"publish","type":"post","link":"https:\/\/cdnoticias.com\/index.php\/2021\/11\/14\/federico-aguilera-esperamos-que-el-resultado-sea-el-mejor\/","title":{"rendered":"Federico Aguilera: \u201cEsperamos que el resultado sea el mejor\u201d"},"content":{"rendered":"<p>El funcionario y candidato a senador provincial afirm\u00f3 haber escuchado desde el espacio el mensaje del electorado en las PASO. \u201cTenemos esperanza de que vamos a revertir algunos puntos que hemos perdido en las \u00faltimas elecciones\u201d.<!--more--><\/p>\n<hr \/>\n<p>El subsecretario de Miner\u00eda y candidato a senador provincial en tercer lugar por el Frente de Todos, Federico Aguilera, <strong>emiti\u00f3 su vot\u00f3 pasado el mediod\u00eda en la Escuela N\u00b0 32.<\/strong><\/p>\n<p>&nbsp;<\/p>\n<p>En primer lugar, destac\u00f3 la <em>\u201ctranquilidad\u201d<\/em> en el desarrollo de la votaci\u00f3n e indic\u00f3 que <em>\u201chasta el momento ha votado m\u00e1s del 30 por ciento del padr\u00f3n en todo el partido de Olavarr\u00eda\u201d.<\/em><\/p>\n<p>&nbsp;<\/p>\n<p>Reconoci\u00f3 que <strong><em>\u201cvenimos de unas PASO donde tuvimos un mensaje claro del electorado, en el cual no nos acompa\u00f1\u00f3. Y fue muy importante estos meses llevar un cambio de rumbo en algunas cuestiones que reclamaba la gente\u201d.<\/em><\/strong><\/p>\n<p>&nbsp;<\/p>\n<p>En ese sentido, se\u00f1al\u00f3 que<em> \u201chemos visto un cambio en cuanto a la recepci\u00f3n de la ciudadan\u00eda a nuestra gesti\u00f3n de gobierno y <strong>tenemos esperanzas de que vamos a revertir algunos puntos que hemos perdido en las \u00faltimas elecciones y esperamos que el resultado sea el mejor<\/strong>\u201d.<\/em><\/p>\n<p>&nbsp;<\/p>\n<p><img data-recalc-dims=\"1\" loading=\"lazy\" decoding=\"async\" class=\"alignnone size-large wp-image-38648\" src=\"https:\/\/i0.wp.com\/cdnoticias.com\/wp-content\/uploads\/2021\/11\/aguilera03.jpg?resize=800%2C445&#038;ssl=1\" alt=\"\" width=\"800\" height=\"445\" srcset=\"https:\/\/i0.wp.com\/cdnoticias.com\/wp-content\/uploads\/2021\/11\/aguilera03.jpg?resize=1024%2C569&amp;ssl=1 1024w, https:\/\/i0.wp.com\/cdnoticias.com\/wp-content\/uploads\/2021\/11\/aguilera03.jpg?resize=300%2C167&amp;ssl=1 300w, https:\/\/i0.wp.com\/cdnoticias.com\/wp-content\/uploads\/2021\/11\/aguilera03.jpg?resize=768%2C427&amp;ssl=1 768w, https:\/\/i0.wp.com\/cdnoticias.com\/wp-content\/uploads\/2021\/11\/aguilera03.jpg?resize=800%2C445&amp;ssl=1 800w, https:\/\/i0.wp.com\/cdnoticias.com\/wp-content\/uploads\/2021\/11\/aguilera03.jpg?w=1072&amp;ssl=1 1072w\" sizes=\"auto, (max-width: 800px) 100vw, 800px\" \/><\/p>\n<p>&nbsp;<\/p>\n<p>Agreg\u00f3 que<em> \u201cm\u00e1s all\u00e1 del resultado\u201d<\/em> para el espacio <em>\u201clo importante es seguir trabajando para mejorarle la calidad de vida a la gente, ese es nuestro objetivo\u201d.<\/em><\/p>\n<p>&nbsp;<\/p>\n<p><em>\u201cVamos a seguir trabajando,<strong> ya estamos dando signos y gestos de mejor\u00eda<\/strong>. Hay indicadores econ\u00f3micos, sociales, que est\u00e1n mostrando que hay un repunte en cuanto a la econom\u00eda en algunos rubros espec\u00edficos: construcci\u00f3n, miner\u00eda, turismo. En estos \u00faltimos meses vimos como el aumento salarial est\u00e1 ganando a la inflaci\u00f3n, eso tambi\u00e9n es positivo para nuestros vecinos\u201d,<\/em> afirm\u00f3 Aguilera.<\/p>\n<p>&nbsp;<\/p>\n<p>Con respecto al panorama que se presenta luego de las elecciones, indic\u00f3 que<strong><em> \u201ccreemos que el \u00fanico camino para construir una Argentina mejor, es el di\u00e1logo. Lamentablemente desde la oposici\u00f3n no nos encontramos con esa predisposici\u00f3n para lograr espacios de consenso\u201d.<\/em><\/strong><\/p>\n<p>&nbsp;<\/p>\n<p><img data-recalc-dims=\"1\" loading=\"lazy\" decoding=\"async\" class=\"alignnone size-large wp-image-38649\" src=\"https:\/\/i0.wp.com\/cdnoticias.com\/wp-content\/uploads\/2021\/11\/aguilera02.jpg?resize=800%2C445&#038;ssl=1\" alt=\"\" width=\"800\" height=\"445\" srcset=\"https:\/\/i0.wp.com\/cdnoticias.com\/wp-content\/uploads\/2021\/11\/aguilera02.jpg?resize=1024%2C569&amp;ssl=1 1024w, https:\/\/i0.wp.com\/cdnoticias.com\/wp-content\/uploads\/2021\/11\/aguilera02.jpg?resize=300%2C167&amp;ssl=1 300w, https:\/\/i0.wp.com\/cdnoticias.com\/wp-content\/uploads\/2021\/11\/aguilera02.jpg?resize=768%2C427&amp;ssl=1 768w, https:\/\/i0.wp.com\/cdnoticias.com\/wp-content\/uploads\/2021\/11\/aguilera02.jpg?resize=800%2C445&amp;ssl=1 800w, https:\/\/i0.wp.com\/cdnoticias.com\/wp-content\/uploads\/2021\/11\/aguilera02.jpg?w=1072&amp;ssl=1 1072w\" sizes=\"auto, (max-width: 800px) 100vw, 800px\" \/><\/p>\n<p>&nbsp;<\/p>\n<blockquote><p>En Olavarr\u00eda se hace dif\u00edcil, en algunos puntos espec\u00edficos pudimos lograr concretar acciones en conjunto, pero no es sencillo.<\/p><\/blockquote>\n<p>&nbsp;<\/p>\n<p>Por \u00faltimo, se lament\u00f3 de una campa\u00f1a por parte de la oposici\u00f3n<strong><em> \u201cen la cual la \u00fanica propuesta pareciera ser \u2018estar en contra de\u2019, y nosotros creemos que hay que estar a favor de los argentinos y trabajar para eso\u201d.<\/em><\/strong><\/p>\n","protected":false},"excerpt":{"rendered":"<p>El funcionario y candidato a senador provincial afirm\u00f3 haber escuchado desde el espacio el mensaje del electorado en las PASO.<\/p>\n","protected":false},"author":2,"featured_media":38650,"comment_status":"closed","ping_status":"closed","sticky":false,"template":"","format":"standard","meta":{"_jetpack_memberships_contains_paid_content":false,"footnotes":""},"categories":[4,1],"tags":[],"class_list":["post-38647","post","type-post","status-publish","format-standard","has-post-thumbnail","hentry","category-politica","category-portada"],"jetpack_featured_media_url":"https:\/\/i0.wp.com\/cdnoticias.com\/wp-content\/uploads\/2021\/11\/aguilera01.jpg?fit=1072%2C596&ssl=1","jetpack_sharing_enabled":true,"_links":{"self":[{"href":"https:\/\/cdnoticias.com\/index.php\/wp-json\/wp\/v2\/posts\/38647","targetHints":{"allow":["GET"]}}],"collection":[{"href":"https:\/\/cdnoticias.com\/index.php\/wp-json\/wp\/v2\/posts"}],"about":[{"href":"https:\/\/cdnoticias.com\/index.php\/wp-json\/wp\/v2\/types\/post"}],"author":[{"embeddable":true,"href":"https:\/\/cdnoticias.com\/index.php\/wp-json\/wp\/v2\/users\/2"}],"replies":[{"embeddable":true,"href":"https:\/\/cdnoticias.com\/index.php\/wp-json\/wp\/v2\/comments?post=38647"}],"version-history":[{"count":0,"href":"https:\/\/cdnoticias.com\/index.php\/wp-json\/wp\/v2\/posts\/38647\/revisions"}],"wp:featuredmedia":[{"embeddable":true,"href":"https:\/\/cdnoticias.com\/index.php\/wp-json\/wp\/v2\/media\/38650"}],"wp:attachment":[{"href":"https:\/\/cdnoticias.com\/index.php\/wp-json\/wp\/v2\/media?parent=38647"}],"wp:term":[{"taxonomy":"category","embeddable":true,"href":"https:\/\/cdnoticias.com\/index.php\/wp-json\/wp\/v2\/categories?post=38647"},{"taxonomy":"post_tag","embeddable":true,"href":"https:\/\/cdnoticias.com\/index.php\/wp-json\/wp\/v2\/tags?post=38647"}],"curies":[{"name":"wp","href":"https:\/\/api.w.org\/{rel}","templated":true}]}}