{"id":38639,"date":"2021-11-14T13:48:29","date_gmt":"2021-11-14T16:48:29","guid":{"rendered":"http:\/\/www.centraldenoticias.com.ar\/?p=38639"},"modified":"2021-11-14T13:48:29","modified_gmt":"2021-11-14T16:48:29","slug":"eduardo-bali-bucca-voto-y-esperara-los-resultados-en-bolivar","status":"publish","type":"post","link":"https:\/\/cdnoticias.com\/index.php\/2021\/11\/14\/eduardo-bali-bucca-voto-y-esperara-los-resultados-en-bolivar\/","title":{"rendered":"Eduardo \u201cBali\u201d Bucca vot\u00f3 y esperar\u00e1 los resultados en Bol\u00edvar"},"content":{"rendered":"<p>Alrededor de las 10:00 el candidato a senador provincial se acerc\u00f3 al ex Colegio Nacional, actual Escuela de Educaci\u00f3n Media 204 para emitir su voto.<!--more--><\/p>\n<hr \/>\n<p>A media ma\u00f1ana de este domingo, el diputado nacional y candidato a senador provincial en primer lugar, se acerc\u00f3 a emitir su voto en el ex Colegio Nacional de Bol\u00edvar.<\/p>\n<p>&nbsp;<\/p>\n<p>En di\u00e1logo con medios de la localidad, asegur\u00f3 que<em> \u201cha sido una campa\u00f1a distinta a la de septiembre, gracias a la confianza de los vecinos que se han vacunado; esta vez con mucha cercan\u00eda a la gente, recorriendo los barrios, golpeando la puerta de cada vecino, como nos gusta hacer a nosotros\u201d.<\/em><\/p>\n<p>&nbsp;<\/p>\n<p><strong><em>\u201cEstoy seguro que en estas elecciones un porcentaje mayor de la poblaci\u00f3n se movilizar\u00e1 para votar\u201d<\/em><\/strong>, augur\u00f3 Bali. Y puso el foco en los comicios, como una jornada de fortalecimiento de la democracia.<\/p>\n<p>&nbsp;<\/p>\n<p>Al respecto de los resultados para acceder como senador provincial por la s\u00e9ptima secci\u00f3n bonaerense, destac\u00f3 que <em>\u201clo importante es que los vecinos puedan expresarse y votar en libertad\u201d.<\/em><\/p>\n<p>&nbsp;<\/p>\n<p>Por \u00faltimo manifest\u00f3 que <strong><em>\u201ces un desaf\u00edo dif\u00edcil; pero estoy tranquilo porque hemos dejado todo\u201d.<\/em><\/strong><\/p>\n","protected":false},"excerpt":{"rendered":"<p>Alrededor de las 10:00 el candidato a senador provincial se acerc\u00f3 al ex Colegio Nacional, actual Escuela de Educaci\u00f3n Media<\/p>\n","protected":false},"author":2,"featured_media":38640,"comment_status":"closed","ping_status":"closed","sticky":false,"template":"","format":"standard","meta":{"_jetpack_memberships_contains_paid_content":false,"footnotes":""},"categories":[17,1],"tags":[],"class_list":["post-38639","post","type-post","status-publish","format-standard","has-post-thumbnail","hentry","category-elecciones-2021","category-portada"],"jetpack_featured_media_url":"https:\/\/i0.wp.com\/cdnoticias.com\/wp-content\/uploads\/2021\/11\/WhatsApp-Image-2021-11-14-at-12.28.41.jpeg?fit=1600%2C1069&ssl=1","jetpack_sharing_enabled":true,"_links":{"self":[{"href":"https:\/\/cdnoticias.com\/index.php\/wp-json\/wp\/v2\/posts\/38639","targetHints":{"allow":["GET"]}}],"collection":[{"href":"https:\/\/cdnoticias.com\/index.php\/wp-json\/wp\/v2\/posts"}],"about":[{"href":"https:\/\/cdnoticias.com\/index.php\/wp-json\/wp\/v2\/types\/post"}],"author":[{"embeddable":true,"href":"https:\/\/cdnoticias.com\/index.php\/wp-json\/wp\/v2\/users\/2"}],"replies":[{"embeddable":true,"href":"https:\/\/cdnoticias.com\/index.php\/wp-json\/wp\/v2\/comments?post=38639"}],"version-history":[{"count":0,"href":"https:\/\/cdnoticias.com\/index.php\/wp-json\/wp\/v2\/posts\/38639\/revisions"}],"wp:featuredmedia":[{"embeddable":true,"href":"https:\/\/cdnoticias.com\/index.php\/wp-json\/wp\/v2\/media\/38640"}],"wp:attachment":[{"href":"https:\/\/cdnoticias.com\/index.php\/wp-json\/wp\/v2\/media?parent=38639"}],"wp:term":[{"taxonomy":"category","embeddable":true,"href":"https:\/\/cdnoticias.com\/index.php\/wp-json\/wp\/v2\/categories?post=38639"},{"taxonomy":"post_tag","embeddable":true,"href":"https:\/\/cdnoticias.com\/index.php\/wp-json\/wp\/v2\/tags?post=38639"}],"curies":[{"name":"wp","href":"https:\/\/api.w.org\/{rel}","templated":true}]}}