{"id":38630,"date":"2021-11-14T12:27:49","date_gmt":"2021-11-14T15:27:49","guid":{"rendered":"http:\/\/www.centraldenoticias.com.ar\/?p=38630"},"modified":"2021-11-14T13:13:44","modified_gmt":"2021-11-14T16:13:44","slug":"ezequiel-galli-manana-se-va-a-renovar-la-esperanza-de-los-argentinos","status":"publish","type":"post","link":"https:\/\/cdnoticias.com\/index.php\/2021\/11\/14\/ezequiel-galli-manana-se-va-a-renovar-la-esperanza-de-los-argentinos\/","title":{"rendered":"Ezequiel Galli: \u201cMa\u00f1ana se va a renovar la esperanza de los argentinos\u201d"},"content":{"rendered":"<p>El intendente vot\u00f3 en el Jard\u00edn 902 cerca del mediod\u00eda de este domingo. Afirm\u00f3 que mantiene \u201cmuy buenas expectativas\u201d, resalt\u00f3 la \u201cpolarizaci\u00f3n\u201d y adelant\u00f3 \u201cvamos a hacer una gran elecci\u00f3n\u201d.<\/p>\n<p><!--more--><\/p>\n<hr \/>\n<p><strong>El intendente Ezequiel Galli vot\u00f3 en el Jard\u00edn 902 del barrio Pueblo Nuevo<\/strong> cerca del mediod\u00eda de este domingo.\u00a0Afirm\u00f3 que mantiene <strong>\u201cmuy buenas expectativas\u201d<\/strong> por el resultado y expres\u00f3 \u201cestoy contento porque se viene dando todo muy tranquilo. A esperar el resultado. Es un d\u00eda para celebrar la democracia, un d\u00eda de fiesta en argentina y <strong>a partir de ma\u00f1ana se va a renovar la esperanza de los argentinos<\/strong>\u201d.<\/p>\n<p>&nbsp;<\/p>\n<p>Galli tuvo en cuenta que <strong>\u201cva a haber m\u00e1s participaci\u00f3n que en las PASO\u201d<\/strong> al se\u00f1alar que el promedio de votaci\u00f3n rondaba 30% hasta esa hora.<\/p>\n<p>&nbsp;<\/p>\n<p><img data-recalc-dims=\"1\" loading=\"lazy\" decoding=\"async\" class=\"size-large wp-image-38636 aligncenter\" src=\"https:\/\/i0.wp.com\/cdnoticias.com\/wp-content\/uploads\/2021\/11\/galli04-1024x569.jpg?resize=800%2C445&#038;ssl=1\" alt=\"\" width=\"800\" height=\"445\" \/><\/p>\n<p>&nbsp;<\/p>\n<p>En cuanto a lo que suceder\u00e1 despu\u00e9s de las 18, tras el cierre de los comicios, el Intendente explic\u00f3 acerca de la ubicaci\u00f3n de la sede de Juntos en una sociedad de Fomento: <strong>\u201chemos decidido tener un centro de c\u00f3mputos neutral, en Mariano Moreno y demuestra que venimos trabajando articuladamente y de la mejor manera\u201d<\/strong>.<\/p>\n<p>&nbsp;<\/p>\n<blockquote class=\"twitter-tweet\">\n<p dir=\"ltr\" lang=\"es\"><a href=\"https:\/\/twitter.com\/hashtag\/YoVot%C3%A9?src=hash&amp;ref_src=twsrc%5Etfw\">#YoVot\u00e9<\/a><br \/>\nEn familia, a ajercer nuestro derecho y celebrar esta fiesta de la democracia que tenemos los argentinos.<\/p>\n<p>\u00a1Gracias a todos los fiscales que cuidan los votos! <a href=\"https:\/\/t.co\/byCe8qOqTY\">pic.twitter.com\/byCe8qOqTY<\/a><\/p>\n<p>\u2014 Ezequiel Galli (@ezequielgalli) <a href=\"https:\/\/twitter.com\/ezequielgalli\/status\/1459908871707934720?ref_src=twsrc%5Etfw\">November 14, 2021<\/a><\/p><\/blockquote>\n<p><script async src=\"https:\/\/platform.twitter.com\/widgets.js\" charset=\"utf-8\"><\/script><\/p>\n<p>&nbsp;<\/p>\n<p>Asimismo, coment\u00f3 que ya <strong>mantuvo contactos con Diego Santilli y Horacio Rodr\u00edguez Larreta<\/strong>, el primer candidato nacional de Juntos y el principal dirigente del Pro, respectivamente.<\/p>\n<p>&nbsp;<\/p>\n<p><img data-recalc-dims=\"1\" loading=\"lazy\" decoding=\"async\" class=\"size-large wp-image-38634 aligncenter\" src=\"https:\/\/i0.wp.com\/cdnoticias.com\/wp-content\/uploads\/2021\/11\/galli06.jpg?resize=800%2C445&#038;ssl=1\" alt=\"\" width=\"800\" height=\"445\" srcset=\"https:\/\/i0.wp.com\/cdnoticias.com\/wp-content\/uploads\/2021\/11\/galli06.jpg?resize=1024%2C569&amp;ssl=1 1024w, https:\/\/i0.wp.com\/cdnoticias.com\/wp-content\/uploads\/2021\/11\/galli06.jpg?resize=300%2C167&amp;ssl=1 300w, https:\/\/i0.wp.com\/cdnoticias.com\/wp-content\/uploads\/2021\/11\/galli06.jpg?resize=768%2C427&amp;ssl=1 768w, https:\/\/i0.wp.com\/cdnoticias.com\/wp-content\/uploads\/2021\/11\/galli06.jpg?resize=800%2C445&amp;ssl=1 800w, https:\/\/i0.wp.com\/cdnoticias.com\/wp-content\/uploads\/2021\/11\/galli06.jpg?w=1072&amp;ssl=1 1072w\" sizes=\"auto, (max-width: 800px) 100vw, 800px\" \/><\/p>\n<p>&nbsp;<\/p>\n<blockquote><p>Acerca del resultado, estim\u00f3 que \u201cva a haber mayor polarizaci\u00f3n, eso siento en la calle. Para m\u00ed es la mejor encuesta. Creo que vamos a hacer una gran elecci\u00f3n\u201d.<\/p><\/blockquote>\n<p>&nbsp;<\/p>\n<p>Por \u00faltimo, el intendente estim\u00f3 que habr\u00e1 <strong>un recuento \u201cr\u00e1pido\u201d al habilitarse menos cantidad de listas que en las PASO<\/strong>. En ese sentido, consider\u00f3 que para antes de las 21.30 ya \u201ctendremos alg\u00fan resultado\u201d.<\/p>\n<p>&nbsp;<\/p>\n<p><img data-recalc-dims=\"1\" loading=\"lazy\" decoding=\"async\" class=\"size-large wp-image-38635 aligncenter\" src=\"https:\/\/i0.wp.com\/cdnoticias.com\/wp-content\/uploads\/2021\/11\/galli05.jpg?resize=800%2C445&#038;ssl=1\" alt=\"\" width=\"800\" height=\"445\" srcset=\"https:\/\/i0.wp.com\/cdnoticias.com\/wp-content\/uploads\/2021\/11\/galli05.jpg?resize=1024%2C569&amp;ssl=1 1024w, https:\/\/i0.wp.com\/cdnoticias.com\/wp-content\/uploads\/2021\/11\/galli05.jpg?resize=300%2C167&amp;ssl=1 300w, https:\/\/i0.wp.com\/cdnoticias.com\/wp-content\/uploads\/2021\/11\/galli05.jpg?resize=768%2C427&amp;ssl=1 768w, https:\/\/i0.wp.com\/cdnoticias.com\/wp-content\/uploads\/2021\/11\/galli05.jpg?resize=800%2C445&amp;ssl=1 800w, https:\/\/i0.wp.com\/cdnoticias.com\/wp-content\/uploads\/2021\/11\/galli05.jpg?w=1072&amp;ssl=1 1072w\" sizes=\"auto, (max-width: 800px) 100vw, 800px\" \/><\/p>\n<p><img data-recalc-dims=\"1\" loading=\"lazy\" decoding=\"async\" class=\"size-large wp-image-38625 aligncenter\" src=\"https:\/\/i0.wp.com\/cdnoticias.com\/wp-content\/uploads\/2021\/11\/galli00.jpg?resize=800%2C445&#038;ssl=1\" alt=\"\" width=\"800\" height=\"445\" srcset=\"https:\/\/i0.wp.com\/cdnoticias.com\/wp-content\/uploads\/2021\/11\/galli00.jpg?resize=1024%2C569&amp;ssl=1 1024w, https:\/\/i0.wp.com\/cdnoticias.com\/wp-content\/uploads\/2021\/11\/galli00.jpg?resize=300%2C167&amp;ssl=1 300w, https:\/\/i0.wp.com\/cdnoticias.com\/wp-content\/uploads\/2021\/11\/galli00.jpg?resize=768%2C427&amp;ssl=1 768w, https:\/\/i0.wp.com\/cdnoticias.com\/wp-content\/uploads\/2021\/11\/galli00.jpg?resize=800%2C445&amp;ssl=1 800w, https:\/\/i0.wp.com\/cdnoticias.com\/wp-content\/uploads\/2021\/11\/galli00.jpg?w=1072&amp;ssl=1 1072w\" sizes=\"auto, (max-width: 800px) 100vw, 800px\" \/><\/p>\n","protected":false},"excerpt":{"rendered":"<p>El intendente vot\u00f3 en el Jard\u00edn 902 cerca del mediod\u00eda de este domingo. Afirm\u00f3 que mantiene \u201cmuy buenas expectativas\u201d, resalt\u00f3<\/p>\n","protected":false},"author":4,"featured_media":38629,"comment_status":"closed","ping_status":"closed","sticky":false,"template":"","format":"standard","meta":{"_jetpack_memberships_contains_paid_content":false,"footnotes":""},"categories":[17,1],"tags":[],"class_list":["post-38630","post","type-post","status-publish","format-standard","has-post-thumbnail","hentry","category-elecciones-2021","category-portada"],"jetpack_featured_media_url":"https:\/\/i0.wp.com\/cdnoticias.com\/wp-content\/uploads\/2021\/11\/galli01.jpg?fit=1152%2C640&ssl=1","jetpack_sharing_enabled":true,"_links":{"self":[{"href":"https:\/\/cdnoticias.com\/index.php\/wp-json\/wp\/v2\/posts\/38630","targetHints":{"allow":["GET"]}}],"collection":[{"href":"https:\/\/cdnoticias.com\/index.php\/wp-json\/wp\/v2\/posts"}],"about":[{"href":"https:\/\/cdnoticias.com\/index.php\/wp-json\/wp\/v2\/types\/post"}],"author":[{"embeddable":true,"href":"https:\/\/cdnoticias.com\/index.php\/wp-json\/wp\/v2\/users\/4"}],"replies":[{"embeddable":true,"href":"https:\/\/cdnoticias.com\/index.php\/wp-json\/wp\/v2\/comments?post=38630"}],"version-history":[{"count":0,"href":"https:\/\/cdnoticias.com\/index.php\/wp-json\/wp\/v2\/posts\/38630\/revisions"}],"wp:featuredmedia":[{"embeddable":true,"href":"https:\/\/cdnoticias.com\/index.php\/wp-json\/wp\/v2\/media\/38629"}],"wp:attachment":[{"href":"https:\/\/cdnoticias.com\/index.php\/wp-json\/wp\/v2\/media?parent=38630"}],"wp:term":[{"taxonomy":"category","embeddable":true,"href":"https:\/\/cdnoticias.com\/index.php\/wp-json\/wp\/v2\/categories?post=38630"},{"taxonomy":"post_tag","embeddable":true,"href":"https:\/\/cdnoticias.com\/index.php\/wp-json\/wp\/v2\/tags?post=38630"}],"curies":[{"name":"wp","href":"https:\/\/api.w.org\/{rel}","templated":true}]}}