{"id":38620,"date":"2021-11-14T12:14:59","date_gmt":"2021-11-14T15:14:59","guid":{"rendered":"http:\/\/www.centraldenoticias.com.ar\/?p=38620"},"modified":"2021-11-14T14:01:49","modified_gmt":"2021-11-14T17:01:49","slug":"wesner-y-una-jornada-para-votar-con-memoria","status":"publish","type":"post","link":"https:\/\/cdnoticias.com\/index.php\/2021\/11\/14\/wesner-y-una-jornada-para-votar-con-memoria\/","title":{"rendered":"Wesner y una jornada para \u201cvotar con memoria\u201d"},"content":{"rendered":"<p>As\u00ed lo afirm\u00f3 el candidato a concejal por el Frente de Todos. Destac\u00f3 la importancia de celebrar y cuidar el acto eleccionario.<!--more--><\/p>\n<hr \/>\n<p>El primer candidato a concejal de Frente de Todos vot\u00f3 cerca del mediod\u00eda en la Secundaria N\u00b0 1. En di\u00e1logo con los medios presentes asegur\u00f3 que <em>\u201clas expectativas son las mejores, trabajamos mucho para llegar a este d\u00eda\u201d.<\/em><\/p>\n<p>&nbsp;<\/p>\n<p>Resalt\u00f3 que se trata de una jornada para <strong><em>\u201cfestejar\u201d<\/em><\/strong> y <strong><em>\u201cvotar con memoria\u201d<\/em><\/strong> ya que<em> \u201cla democracia nos cost\u00f3 mucho y hay que ponerlo en valor\u201d.<\/em><\/p>\n<p>&nbsp;<\/p>\n<p><img data-recalc-dims=\"1\" loading=\"lazy\" decoding=\"async\" class=\"alignnone size-large wp-image-38623\" src=\"https:\/\/i0.wp.com\/cdnoticias.com\/wp-content\/uploads\/2021\/11\/wesner02.jpg?resize=800%2C445&#038;ssl=1\" alt=\"\" width=\"800\" height=\"445\" srcset=\"https:\/\/i0.wp.com\/cdnoticias.com\/wp-content\/uploads\/2021\/11\/wesner02.jpg?resize=1024%2C570&amp;ssl=1 1024w, https:\/\/i0.wp.com\/cdnoticias.com\/wp-content\/uploads\/2021\/11\/wesner02.jpg?resize=300%2C167&amp;ssl=1 300w, https:\/\/i0.wp.com\/cdnoticias.com\/wp-content\/uploads\/2021\/11\/wesner02.jpg?resize=768%2C428&amp;ssl=1 768w, https:\/\/i0.wp.com\/cdnoticias.com\/wp-content\/uploads\/2021\/11\/wesner02.jpg?resize=800%2C445&amp;ssl=1 800w, https:\/\/i0.wp.com\/cdnoticias.com\/wp-content\/uploads\/2021\/11\/wesner02.jpg?w=1101&amp;ssl=1 1101w\" sizes=\"auto, (max-width: 800px) 100vw, 800px\" \/><\/p>\n<p>&nbsp;<\/p>\n<p>Cont\u00f3 que los fiscales del espacio <em>\u201creportaron aperturas de las mesas con tranquilidad y eso es una alegr\u00eda enorme\u201d.<\/em><\/p>\n<p>&nbsp;<\/p>\n<p>Asimismo, se\u00f1al\u00f3 que <strong><em>\u201cel porcentaje del electorado por estas horas ya es mayor a lo que ocurri\u00f3 el 12 de septiembre\u201d<\/em><\/strong> por lo que espera una afluencia m\u00e1s grande de votantes.<\/p>\n<p>&nbsp;<\/p>\n<p><img data-recalc-dims=\"1\" loading=\"lazy\" decoding=\"async\" class=\"alignnone size-large wp-image-38622\" src=\"https:\/\/i0.wp.com\/cdnoticias.com\/wp-content\/uploads\/2021\/11\/wesner03.jpg?resize=800%2C450&#038;ssl=1\" alt=\"\" width=\"800\" height=\"450\" srcset=\"https:\/\/i0.wp.com\/cdnoticias.com\/wp-content\/uploads\/2021\/11\/wesner03.jpg?resize=1024%2C576&amp;ssl=1 1024w, https:\/\/i0.wp.com\/cdnoticias.com\/wp-content\/uploads\/2021\/11\/wesner03.jpg?resize=300%2C169&amp;ssl=1 300w, https:\/\/i0.wp.com\/cdnoticias.com\/wp-content\/uploads\/2021\/11\/wesner03.jpg?resize=768%2C432&amp;ssl=1 768w, https:\/\/i0.wp.com\/cdnoticias.com\/wp-content\/uploads\/2021\/11\/wesner03.jpg?w=1280&amp;ssl=1 1280w\" sizes=\"auto, (max-width: 800px) 100vw, 800px\" \/><\/p>\n<p>&nbsp;<\/p>\n<p>Por \u00faltimo, insisti\u00f3 en que <strong><em>\u201cm\u00e1s all\u00e1 de ser candidato, los d\u00edas de elecciones son de mucha alegr\u00eda\u201d.<\/em><\/strong><\/p>\n<p>&nbsp;<\/p>\n","protected":false},"excerpt":{"rendered":"<p>As\u00ed lo afirm\u00f3 el candidato a concejal por el Frente de Todos. Destac\u00f3 la importancia de celebrar y cuidar el<\/p>\n","protected":false},"author":2,"featured_media":38624,"comment_status":"closed","ping_status":"closed","sticky":false,"template":"","format":"standard","meta":{"_jetpack_memberships_contains_paid_content":false,"footnotes":""},"categories":[17,1],"tags":[],"class_list":["post-38620","post","type-post","status-publish","format-standard","has-post-thumbnail","hentry","category-elecciones-2021","category-portada"],"jetpack_featured_media_url":"https:\/\/i0.wp.com\/cdnoticias.com\/wp-content\/uploads\/2021\/11\/wesner01.jpg?fit=1280%2C720&ssl=1","jetpack_sharing_enabled":true,"_links":{"self":[{"href":"https:\/\/cdnoticias.com\/index.php\/wp-json\/wp\/v2\/posts\/38620","targetHints":{"allow":["GET"]}}],"collection":[{"href":"https:\/\/cdnoticias.com\/index.php\/wp-json\/wp\/v2\/posts"}],"about":[{"href":"https:\/\/cdnoticias.com\/index.php\/wp-json\/wp\/v2\/types\/post"}],"author":[{"embeddable":true,"href":"https:\/\/cdnoticias.com\/index.php\/wp-json\/wp\/v2\/users\/2"}],"replies":[{"embeddable":true,"href":"https:\/\/cdnoticias.com\/index.php\/wp-json\/wp\/v2\/comments?post=38620"}],"version-history":[{"count":0,"href":"https:\/\/cdnoticias.com\/index.php\/wp-json\/wp\/v2\/posts\/38620\/revisions"}],"wp:featuredmedia":[{"embeddable":true,"href":"https:\/\/cdnoticias.com\/index.php\/wp-json\/wp\/v2\/media\/38624"}],"wp:attachment":[{"href":"https:\/\/cdnoticias.com\/index.php\/wp-json\/wp\/v2\/media?parent=38620"}],"wp:term":[{"taxonomy":"category","embeddable":true,"href":"https:\/\/cdnoticias.com\/index.php\/wp-json\/wp\/v2\/categories?post=38620"},{"taxonomy":"post_tag","embeddable":true,"href":"https:\/\/cdnoticias.com\/index.php\/wp-json\/wp\/v2\/tags?post=38620"}],"curies":[{"name":"wp","href":"https:\/\/api.w.org\/{rel}","templated":true}]}}