{"id":38592,"date":"2021-11-14T10:35:08","date_gmt":"2021-11-14T13:35:08","guid":{"rendered":"http:\/\/www.centraldenoticias.com.ar\/?p=38592"},"modified":"2021-11-14T11:11:00","modified_gmt":"2021-11-14T14:11:00","slug":"yessica-almeida-el-objetivo-que-tenemos-que-es-que-ingrese-nestor-pitrola","status":"publish","type":"post","link":"https:\/\/cdnoticias.com\/index.php\/2021\/11\/14\/yessica-almeida-el-objetivo-que-tenemos-que-es-que-ingrese-nestor-pitrola\/","title":{"rendered":"Yessica Almeida: \u201cel objetivo que tenemos que es que ingrese N\u00e9stor Pitrola\u201d"},"content":{"rendered":"<p>La primera candidata a concejal del Frente de Izquierda vot\u00f3 en la Escuela 32 cerca de las 10 y se refiri\u00f3 a las intenciones del FIT en estas Legislativas a nivel nacional. Destac\u00f3 el nivel de participaci\u00f3n en las primeras dos horas de los comicios.<!--more--><\/p>\n<hr \/>\n<p><strong>En la Escuela 32 del barrio Luj\u00e1n vot\u00f3 cerca de las 10 de este domingo Yessica Almeida<\/strong>, primera candidata a concejal del Frente de Izquierda y de los Trabajadores (FIT), quien destac\u00f3 que la jornada <strong>\u201carranc\u00f3 muy tranquila y bastante puntual\u201d<\/strong>.<\/p>\n<p>&nbsp;<\/p>\n<blockquote><p>Acerca del resultado electoral para el FIT afirm\u00f3 que \u201cestamos tranquilos, contentos y con bastantes esperanzas de lograr, por lo menos en diputados, el objetivo que tenemos que es que ingrese N\u00e9stor Pitrola\u201d. Se refiri\u00f3 con ello al ingreso de tres legisladores nacionales por parte del FIT, lo que significar\u00eda un logro hist\u00f3rico para el sector.<\/p><\/blockquote>\n<p>&nbsp;<\/p>\n<p><img data-recalc-dims=\"1\" loading=\"lazy\" decoding=\"async\" class=\"size-full wp-image-38591 aligncenter\" src=\"https:\/\/i0.wp.com\/cdnoticias.com\/wp-content\/uploads\/2021\/11\/almeida-vota-02.jpg?resize=800%2C445&#038;ssl=1\" alt=\"\" width=\"800\" height=\"445\" srcset=\"https:\/\/i0.wp.com\/cdnoticias.com\/wp-content\/uploads\/2021\/11\/almeida-vota-02.jpg?w=800&amp;ssl=1 800w, https:\/\/i0.wp.com\/cdnoticias.com\/wp-content\/uploads\/2021\/11\/almeida-vota-02.jpg?resize=300%2C167&amp;ssl=1 300w, https:\/\/i0.wp.com\/cdnoticias.com\/wp-content\/uploads\/2021\/11\/almeida-vota-02.jpg?resize=768%2C427&amp;ssl=1 768w\" sizes=\"auto, (max-width: 800px) 100vw, 800px\" \/><\/p>\n<p>&nbsp;<\/p>\n<p><strong>En el plano local expres\u00f3 que se espera \u201cuna buena elecci\u00f3n\u201d<\/strong> y coment\u00f3 que \u201cvemos mucha simpat\u00eda de la gente, incluso que me reconoce fiscalizando\u201d.<\/p>\n<p>&nbsp;<\/p>\n<p>Acerca del inicio de la jornada la candidata se\u00f1al\u00f3 que \u201cfaltaron autoridades en algunas mesas en algunas escuelas, pero se pudo solucionar bastante r\u00e1pido tomando vocales o vicepresidentes de otras mesas.<strong> Viene todo con mucha calma, lo cual es bueno, y con la gente acerc\u00e1ndose a votar<\/strong>\u201d evalu\u00f3. Almeida indic\u00f3 que a dos horas del inicio de la votaci\u00f3n \u201cen esta escuela ya va arriba de 10% del padr\u00f3n votando, es un buen n\u00famero para un domingo tan hermoso y tan temprano a la ma\u00f1ana\u201d.<\/p>\n<p>&nbsp;<\/p>\n<p>Tuvo en cuenta que \u201cel d\u00eda est\u00e1 hermoso, <strong>la tormenta de ayer asust\u00f3 un poco por la tarea de los fiscales<\/strong>. Sabemos que hay muchas escuelas que en cuestiones edilicias dejan mucho que desear y que las condiciones no est\u00e1n ni para votar ni para que los pibes y las pibas vayan a estudiar. Sin embargo, el d\u00eda acompa\u00f1a\u201d.<\/p>\n<p><img data-recalc-dims=\"1\" loading=\"lazy\" decoding=\"async\" class=\"size-full wp-image-38590 aligncenter\" src=\"https:\/\/i0.wp.com\/cdnoticias.com\/wp-content\/uploads\/2021\/11\/almeida-vota-01.jpg?resize=800%2C445&#038;ssl=1\" alt=\"\" width=\"800\" height=\"445\" srcset=\"https:\/\/i0.wp.com\/cdnoticias.com\/wp-content\/uploads\/2021\/11\/almeida-vota-01.jpg?w=800&amp;ssl=1 800w, https:\/\/i0.wp.com\/cdnoticias.com\/wp-content\/uploads\/2021\/11\/almeida-vota-01.jpg?resize=300%2C167&amp;ssl=1 300w, https:\/\/i0.wp.com\/cdnoticias.com\/wp-content\/uploads\/2021\/11\/almeida-vota-01.jpg?resize=768%2C427&amp;ssl=1 768w\" sizes=\"auto, (max-width: 800px) 100vw, 800px\" \/><\/p>\n","protected":false},"excerpt":{"rendered":"<p>La primera candidata a concejal del Frente de Izquierda vot\u00f3 en la Escuela 32 cerca de las 10 y se<\/p>\n","protected":false},"author":4,"featured_media":38589,"comment_status":"closed","ping_status":"closed","sticky":false,"template":"","format":"standard","meta":{"_jetpack_memberships_contains_paid_content":false,"footnotes":""},"categories":[17,1],"tags":[],"class_list":["post-38592","post","type-post","status-publish","format-standard","has-post-thumbnail","hentry","category-elecciones-2021","category-portada"],"jetpack_featured_media_url":"https:\/\/i0.wp.com\/cdnoticias.com\/wp-content\/uploads\/2021\/11\/almeida-vota-00.jpg?fit=800%2C445&ssl=1","jetpack_sharing_enabled":true,"_links":{"self":[{"href":"https:\/\/cdnoticias.com\/index.php\/wp-json\/wp\/v2\/posts\/38592","targetHints":{"allow":["GET"]}}],"collection":[{"href":"https:\/\/cdnoticias.com\/index.php\/wp-json\/wp\/v2\/posts"}],"about":[{"href":"https:\/\/cdnoticias.com\/index.php\/wp-json\/wp\/v2\/types\/post"}],"author":[{"embeddable":true,"href":"https:\/\/cdnoticias.com\/index.php\/wp-json\/wp\/v2\/users\/4"}],"replies":[{"embeddable":true,"href":"https:\/\/cdnoticias.com\/index.php\/wp-json\/wp\/v2\/comments?post=38592"}],"version-history":[{"count":0,"href":"https:\/\/cdnoticias.com\/index.php\/wp-json\/wp\/v2\/posts\/38592\/revisions"}],"wp:featuredmedia":[{"embeddable":true,"href":"https:\/\/cdnoticias.com\/index.php\/wp-json\/wp\/v2\/media\/38589"}],"wp:attachment":[{"href":"https:\/\/cdnoticias.com\/index.php\/wp-json\/wp\/v2\/media?parent=38592"}],"wp:term":[{"taxonomy":"category","embeddable":true,"href":"https:\/\/cdnoticias.com\/index.php\/wp-json\/wp\/v2\/categories?post=38592"},{"taxonomy":"post_tag","embeddable":true,"href":"https:\/\/cdnoticias.com\/index.php\/wp-json\/wp\/v2\/tags?post=38592"}],"curies":[{"name":"wp","href":"https:\/\/api.w.org\/{rel}","templated":true}]}}