{"id":3857,"date":"2020-10-13T18:50:21","date_gmt":"2020-10-13T21:50:21","guid":{"rendered":"http:\/\/www.centraldenoticias.com.ar\/?p=3857"},"modified":"2020-10-13T20:56:50","modified_gmt":"2020-10-13T23:56:50","slug":"coronavirus-que-sucede-en-la-region","status":"publish","type":"post","link":"https:\/\/cdnoticias.com\/index.php\/2020\/10\/13\/coronavirus-que-sucede-en-la-region\/","title":{"rendered":"Coronavirus: Qu\u00e9 sucede en la regi\u00f3n"},"content":{"rendered":"<p>Azul registr\u00f3 una nueva muerte y es el distrito con m\u00e1s fallecimientos detr\u00e1s de Olavarr\u00eda. Tandil, por su parte, sum\u00f3 m\u00e1s de 120 casos en las \u00faltimas horas. Detalle de lo que sucede en la regi\u00f3n.<\/p>\n<p><!--more--><\/p>\n<hr \/>\n<p><a href=\"https:\/\/cdnoticias.com\/index.php\/2020\/10\/12\/el-intendente-galli-confirmo-38-nuevos-casos-y-2-fallecidos-por-covid-19\/\" target=\"_blank\" rel=\"noopener\">En las \u00faltimas 24 horas Olavarr\u00eda sum\u00f3 otras dos muertes y cerca de 40 nuevos contagios<\/a>. Con el incremento de casos la atenci\u00f3n se focaliza cada vez m\u00e1s en la disponibilidad de camas en los centros asistenciales, <a href=\"https:\/\/cdnoticias.com\/index.php\/2020\/10\/13\/capacidad-hospitalaria-o-aumentamos-las-camas-o-disminuimos-los-contagios\/\" target=\"_blank\" rel=\"noopener\">uno de los temas que m\u00e1s se consult\u00f3 en la conferencia de prensa del \u00faltimo lunes<\/a>, raz\u00f3n por la cual <strong>es importante seguir de cerca qu\u00e9 es lo que sucede en la regi\u00f3n.<\/strong><\/p>\n<p>&nbsp;<\/p>\n<p><img data-recalc-dims=\"1\" loading=\"lazy\" decoding=\"async\" class=\"alignnone size-large wp-image-3822\" src=\"https:\/\/i0.wp.com\/cdnoticias.com\/wp-content\/uploads\/2020\/10\/german-caputo.jpg?resize=800%2C534&#038;ssl=1\" alt=\"\" width=\"800\" height=\"534\" srcset=\"https:\/\/i0.wp.com\/cdnoticias.com\/wp-content\/uploads\/2020\/10\/german-caputo.jpg?resize=1024%2C683&amp;ssl=1 1024w, https:\/\/i0.wp.com\/cdnoticias.com\/wp-content\/uploads\/2020\/10\/german-caputo.jpg?resize=300%2C200&amp;ssl=1 300w, https:\/\/i0.wp.com\/cdnoticias.com\/wp-content\/uploads\/2020\/10\/german-caputo.jpg?resize=768%2C512&amp;ssl=1 768w, https:\/\/i0.wp.com\/cdnoticias.com\/wp-content\/uploads\/2020\/10\/german-caputo.jpg?resize=272%2C182&amp;ssl=1 272w, https:\/\/i0.wp.com\/cdnoticias.com\/wp-content\/uploads\/2020\/10\/german-caputo.jpg?w=1968&amp;ssl=1 1968w, https:\/\/i0.wp.com\/cdnoticias.com\/wp-content\/uploads\/2020\/10\/german-caputo.jpg?w=1600&amp;ssl=1 1600w\" sizes=\"auto, (max-width: 800px) 100vw, 800px\" \/><\/p>\n<p>&nbsp;<\/p>\n<p><strong>La relevancia de ese seguimiento radica en la posibilidad de que pacientes de ciudades vecinas puedan ser remitidos al Hospital Municipal Doctor H\u00e9ctor Cura<\/strong>, algo que ya ha sucedido y que puede volver a darse, tal cual ha sido enfatizado no solo por el intendente Ezequiel Galli, sino tambi\u00e9n desde Regi\u00f3n Sanitaria.<\/p>\n<p>&nbsp;<\/p>\n<p>Laprida ha sido precisamente una de las ciudades que ha derivado pacientes al centro asistencial local. Vale recordar, lamentablemente, <a href=\"https:\/\/cdnoticias.com\/index.php\/2020\/10\/01\/fallecio-el-paciente-de-laprida-que-estaba-internado-en-el-hospital-de-olavarria\/\" target=\"_blank\" rel=\"noopener\">uno de ellos perdi\u00f3 la vida<\/a>, en lo que se tradujo en la tercera muerte con la que cuenta actualmente ese distrito.<\/p>\n<p>&nbsp;<\/p>\n<p><img data-recalc-dims=\"1\" loading=\"lazy\" decoding=\"async\" class=\"alignnone size-full wp-image-2506\" src=\"https:\/\/i0.wp.com\/cdnoticias.com\/wp-content\/uploads\/2020\/09\/hospital-laprida1.jpg?resize=647%2C405&#038;ssl=1\" alt=\"\" width=\"647\" height=\"405\" \/><\/p>\n<p>&nbsp;<\/p>\n<p><strong>La ciudad vecina por estas horas cuenta con 26 pacientes activos actualmente, pero con la particularidad de que espera por los resultados de los hisopados de 67 casos,<\/strong> varios de los cuales se remontan desde hace ya unos d\u00edas. Asimismo, Laprida tambi\u00e9n fue noticia en la jornada de este martes ya que se trata de uno de los distritos que baj\u00f3 a fase 3, seg\u00fan se dispuso desde la Jefatura de Gabinete bonaerense. Capit\u00e1n Sarmiento, Dolores, General Belgrano y Tordillo son los otros distritos que bajaron a fase 3 por presentar una cantidad de casos \u201cmuy alta\u201d, seg\u00fan relat\u00f3 Bianco.<\/p>\n<p>&nbsp;<\/p>\n<p><strong>Azul es sin dudas uno de los distritos cercanos m\u00e1s complicados, ya que actualmente registra 282\u00a0 casos activos (246 en Azul, 35 en Chillar y 1 en Cachar\u00ed) y en las \u00faltimas horas sum\u00f3 una nueva muerte, la N\u00b0 29 desde el inicio de la pandemia<\/strong>. Se trat\u00f3 de un hombre de 78 a\u00f1os que permanec\u00eda internado en el Hospital Pintos. Luego de Olavarr\u00eda, es el distrito con m\u00e1s fallecimientos de la regi\u00f3n.<\/p>\n<p>&nbsp;<\/p>\n<p><img data-recalc-dims=\"1\" loading=\"lazy\" decoding=\"async\" class=\"alignnone size-large wp-image-845\" src=\"https:\/\/i0.wp.com\/cdnoticias.com\/wp-content\/uploads\/2020\/09\/HospitalPintosAzul.jpg?resize=800%2C534&#038;ssl=1\" alt=\"\" width=\"800\" height=\"534\" srcset=\"https:\/\/i0.wp.com\/cdnoticias.com\/wp-content\/uploads\/2020\/09\/HospitalPintosAzul.jpg?resize=1024%2C683&amp;ssl=1 1024w, https:\/\/i0.wp.com\/cdnoticias.com\/wp-content\/uploads\/2020\/09\/HospitalPintosAzul.jpg?resize=300%2C200&amp;ssl=1 300w, https:\/\/i0.wp.com\/cdnoticias.com\/wp-content\/uploads\/2020\/09\/HospitalPintosAzul.jpg?resize=768%2C512&amp;ssl=1 768w, https:\/\/i0.wp.com\/cdnoticias.com\/wp-content\/uploads\/2020\/09\/HospitalPintosAzul.jpg?resize=272%2C182&amp;ssl=1 272w, https:\/\/i0.wp.com\/cdnoticias.com\/wp-content\/uploads\/2020\/09\/HospitalPintosAzul.jpg?w=1731&amp;ssl=1 1731w, https:\/\/i0.wp.com\/cdnoticias.com\/wp-content\/uploads\/2020\/09\/HospitalPintosAzul.jpg?w=1600&amp;ssl=1 1600w\" sizes=\"auto, (max-width: 800px) 100vw, 800px\" \/><\/p>\n<p>&nbsp;<\/p>\n<p><strong>Igual de compleja es la situaci\u00f3n que se da en Tandil, donde tras la realizaci\u00f3n de 193 testeos registr\u00f3 121 casos positivos, lo que elev\u00f3 a 717 la cifra de pacientes activos.<\/strong> Alrededor de 30 de ellos se encuentran hospitalizados, 13 de los cuales en terapia intensiva o intermedia. La ciudad serrana cuenta con 26 fallecimientos.<\/p>\n<p>&nbsp;<\/p>\n<p><strong>Distinta por ahora es la situaci\u00f3n de Bol\u00edvar, que en la \u00faltima jornada registr\u00f3 5 casos, que hizo trepar a 29 el n\u00famero de pacientes activos<\/strong>. A la par, se aguarda por el resultado de 16 casos sospechosos.<\/p>\n<p>&nbsp;<\/p>\n<p><img data-recalc-dims=\"1\" loading=\"lazy\" decoding=\"async\" class=\"alignnone size-large wp-image-3627\" src=\"https:\/\/i0.wp.com\/cdnoticias.com\/wp-content\/uploads\/2020\/10\/confe.jpg?resize=800%2C450&#038;ssl=1\" alt=\"\" width=\"800\" height=\"450\" srcset=\"https:\/\/i0.wp.com\/cdnoticias.com\/wp-content\/uploads\/2020\/10\/confe.jpg?resize=1024%2C576&amp;ssl=1 1024w, https:\/\/i0.wp.com\/cdnoticias.com\/wp-content\/uploads\/2020\/10\/confe.jpg?resize=300%2C169&amp;ssl=1 300w, https:\/\/i0.wp.com\/cdnoticias.com\/wp-content\/uploads\/2020\/10\/confe.jpg?resize=768%2C432&amp;ssl=1 768w, https:\/\/i0.wp.com\/cdnoticias.com\/wp-content\/uploads\/2020\/10\/confe.jpg?w=1366&amp;ssl=1 1366w\" sizes=\"auto, (max-width: 800px) 100vw, 800px\" \/><\/p>\n<p>&nbsp;<\/p>\n<p>Por \u00faltimo, vale la menci\u00f3n de La Madrid, el municipio de mejor situaci\u00f3n de la regi\u00f3n, <a href=\"https:\/\/cdnoticias.com\/index.php\/2020\/10\/10\/por-ahora-no-regresaran-las-clases-presenciales-en-olavarria\/\" target=\"_blank\" rel=\"noopener\">al punto de ser uno de los distritos en los que se inici\u00f3 el proceso para volver a la presencialidad en las clases<\/a>. <strong>En las \u00faltimas horas registr\u00f3 su tercer caso activo y s\u00f3lo ha tenido 11 desde el inicio de la pandemia.<\/strong><\/p>\n","protected":false},"excerpt":{"rendered":"<p>Azul registr\u00f3 una nueva muerte y es el distrito con m\u00e1s fallecimientos detr\u00e1s de Olavarr\u00eda. Tandil, por su parte, sum\u00f3<\/p>\n","protected":false},"author":3,"featured_media":1957,"comment_status":"closed","ping_status":"closed","sticky":false,"template":"","format":"standard","meta":{"_jetpack_memberships_contains_paid_content":false,"footnotes":""},"categories":[5,1],"tags":[],"class_list":["post-3857","post","type-post","status-publish","format-standard","has-post-thumbnail","hentry","category-informacion-general","category-portada"],"jetpack_featured_media_url":"https:\/\/i0.wp.com\/cdnoticias.com\/wp-content\/uploads\/2020\/09\/coronavirusargentina.jpg?fit=1004%2C566&ssl=1","jetpack_sharing_enabled":true,"_links":{"self":[{"href":"https:\/\/cdnoticias.com\/index.php\/wp-json\/wp\/v2\/posts\/3857","targetHints":{"allow":["GET"]}}],"collection":[{"href":"https:\/\/cdnoticias.com\/index.php\/wp-json\/wp\/v2\/posts"}],"about":[{"href":"https:\/\/cdnoticias.com\/index.php\/wp-json\/wp\/v2\/types\/post"}],"author":[{"embeddable":true,"href":"https:\/\/cdnoticias.com\/index.php\/wp-json\/wp\/v2\/users\/3"}],"replies":[{"embeddable":true,"href":"https:\/\/cdnoticias.com\/index.php\/wp-json\/wp\/v2\/comments?post=3857"}],"version-history":[{"count":0,"href":"https:\/\/cdnoticias.com\/index.php\/wp-json\/wp\/v2\/posts\/3857\/revisions"}],"wp:featuredmedia":[{"embeddable":true,"href":"https:\/\/cdnoticias.com\/index.php\/wp-json\/wp\/v2\/media\/1957"}],"wp:attachment":[{"href":"https:\/\/cdnoticias.com\/index.php\/wp-json\/wp\/v2\/media?parent=3857"}],"wp:term":[{"taxonomy":"category","embeddable":true,"href":"https:\/\/cdnoticias.com\/index.php\/wp-json\/wp\/v2\/categories?post=3857"},{"taxonomy":"post_tag","embeddable":true,"href":"https:\/\/cdnoticias.com\/index.php\/wp-json\/wp\/v2\/tags?post=3857"}],"curies":[{"name":"wp","href":"https:\/\/api.w.org\/{rel}","templated":true}]}}