{"id":38567,"date":"2021-11-14T06:40:16","date_gmt":"2021-11-14T09:40:16","guid":{"rendered":"http:\/\/www.centraldenoticias.com.ar\/?p=38567"},"modified":"2021-11-14T06:40:16","modified_gmt":"2021-11-14T09:40:16","slug":"juan-carlos-murua-q-e-p-d","status":"publish","type":"post","link":"https:\/\/cdnoticias.com\/index.php\/2021\/11\/14\/juan-carlos-murua-q-e-p-d\/","title":{"rendered":"Juan Carlos Murua (Q.E.P.D.)"},"content":{"rendered":"<p>Falleci\u00f3 en Olavarr\u00eda el 13 de noviembre a los 48 a\u00f1os de edad. Su madre Adela Juana Loidi de Murua y dem\u00e1s deudos participan de su fallecimiento.<\/p>\n<p>&nbsp;<\/p>\n<p>Sus restos no ser\u00e1n velados y ser\u00e1n inhumados en el cementerio Loma de Paz este domingo 14 de noviembre a las 09:30. Vecino de barrio Provincias Argentinas. Metal\u00fargico.<\/p>\n","protected":false},"excerpt":{"rendered":"<p>Falleci\u00f3 en Olavarr\u00eda el 13 de noviembre a los 48 a\u00f1os de edad. Su madre Adela Juana Loidi de Murua<\/p>\n","protected":false},"author":5,"featured_media":0,"comment_status":"closed","ping_status":"closed","sticky":false,"template":"","format":"standard","meta":{"_jetpack_memberships_contains_paid_content":false,"footnotes":""},"categories":[10],"tags":[],"class_list":["post-38567","post","type-post","status-publish","format-standard","hentry","category-necrologicas"],"jetpack_featured_media_url":"","jetpack_sharing_enabled":true,"_links":{"self":[{"href":"https:\/\/cdnoticias.com\/index.php\/wp-json\/wp\/v2\/posts\/38567","targetHints":{"allow":["GET"]}}],"collection":[{"href":"https:\/\/cdnoticias.com\/index.php\/wp-json\/wp\/v2\/posts"}],"about":[{"href":"https:\/\/cdnoticias.com\/index.php\/wp-json\/wp\/v2\/types\/post"}],"author":[{"embeddable":true,"href":"https:\/\/cdnoticias.com\/index.php\/wp-json\/wp\/v2\/users\/5"}],"replies":[{"embeddable":true,"href":"https:\/\/cdnoticias.com\/index.php\/wp-json\/wp\/v2\/comments?post=38567"}],"version-history":[{"count":0,"href":"https:\/\/cdnoticias.com\/index.php\/wp-json\/wp\/v2\/posts\/38567\/revisions"}],"wp:attachment":[{"href":"https:\/\/cdnoticias.com\/index.php\/wp-json\/wp\/v2\/media?parent=38567"}],"wp:term":[{"taxonomy":"category","embeddable":true,"href":"https:\/\/cdnoticias.com\/index.php\/wp-json\/wp\/v2\/categories?post=38567"},{"taxonomy":"post_tag","embeddable":true,"href":"https:\/\/cdnoticias.com\/index.php\/wp-json\/wp\/v2\/tags?post=38567"}],"curies":[{"name":"wp","href":"https:\/\/api.w.org\/{rel}","templated":true}]}}