{"id":38560,"date":"2021-11-14T06:24:03","date_gmt":"2021-11-14T09:24:03","guid":{"rendered":"http:\/\/www.centraldenoticias.com.ar\/?p=38560"},"modified":"2021-11-14T06:24:03","modified_gmt":"2021-11-14T09:24:03","slug":"quienes-son-los-candidatos-que-se-presentan-en-la-provincia-de-buenos-aires","status":"publish","type":"post","link":"https:\/\/cdnoticias.com\/index.php\/2021\/11\/14\/quienes-son-los-candidatos-que-se-presentan-en-la-provincia-de-buenos-aires\/","title":{"rendered":"\u00bfQui\u00e9nes son los candidatos que se presentan en la provincia de Buenos Aires?"},"content":{"rendered":"<p>En el cuarto oscuro habr\u00e1 de todo: dos contadores, un sanitarista, un neurocient\u00edfico, exministros nacionales y exlegisladores.<!--more--><\/p>\n<hr \/>\n<p>Dos contadores, un sanitarista, un neurocient\u00edfico, exministros nacionales y exdiputados son los candidatos a diputados nacionales que presenta la provincia de Buenos Aires en las elecciones legislativas que se desarrollan este domingo en todo el pa\u00eds.<\/p>\n<p>&nbsp;<\/p>\n<p>La<strong> primera candidata por el Frente de Todos, Victoria Tolosa Paz<\/strong>, es la expresidenta del Consejo Nacional de Pol\u00edticas Sociales y concejal platense (ad honorem).<\/p>\n<p>&nbsp;<\/p>\n<p>Nacida en la ciudad de La Plata, es contadora; trabaj\u00f3 en el Consejo Provincial de la Familia y Desarrollo Humano de la provincia de Buenos Aires; el Ministerio de Desarrollo Social de la Naci\u00f3n; en el Fondo Participativo de Inversi\u00f3n Social; en la Comisi\u00f3n Nacional Asesora para la Integraci\u00f3n de las Personas con Discapacidad (CONADIS); en la Anses y adem\u00e1s fue subsecretaria de Urbanismo Social.<\/p>\n<p>&nbsp;<\/p>\n<p><strong>La acompa\u00f1a en la lista Daniel Gollan<\/strong>, exministro de Salud de la Naci\u00f3n y de la provincia de Buenos Aires, durante toda la gesti\u00f3n de la pandemia de coronavirus.<\/p>\n<p>&nbsp;<\/p>\n<p>Nacido en Rosario, trabaj\u00f3 como secretario de Salud Comunitaria; fue director Nacional de An\u00e1lisis T\u00e9cnico y Control del Narcotr\u00e1fico; subinterventor de la ANMAT; y coordinador del Programa Especial de Salud de la Direcci\u00f3n Nacional de Programas y Proyectos Especiales de la Secretar\u00eda de Ciencia, Tecnolog\u00eda e Innovaci\u00f3n Productiva.<\/p>\n<p>&nbsp;<\/p>\n<p>Tambi\u00e9n se desempe\u00f1\u00f3 como subsecretario de Atenci\u00f3n Primaria y Unidades Sanitarias de la Municipalidad de Merlo y Director de Unidades Sanitarias; y fue Jefe de Medicina Sanitaria y Asistencial de la Regi\u00f3n Sanitaria VII, de la provincia de Buenos Aires.<\/p>\n<p>&nbsp;<\/p>\n<p><strong>Dentro de Juntos, se presenta como primer candidato Diego Santilli<\/strong>, quien es contador y naci\u00f3 en el barrio de Palermo de la Ciudad de Buenos Aires el 6 de abril de 1967.<\/p>\n<p>&nbsp;<\/p>\n<p>Inici\u00f3 su carrera pol\u00edtica en el Partido Justicialista de la Ciudad de Buenos Aires y luego form\u00f3 parte de la fundaci\u00f3n de Compromiso por el Cambio, la primera agrupaci\u00f3n liderada por Mauricio Macri. Hasta hace poco tiempo, fue el vicejefe de Gobierno porte\u00f1o (desde donde adem\u00e1s estuvo a cargo del Ministerio de Justicia y Seguridad de la Ciudad), cargo al que renunci\u00f3 para dedicarse a la actual campa\u00f1a.<\/p>\n<p>&nbsp;<\/p>\n<p>En ese distrito, tambi\u00e9n se desempe\u00f1\u00f3 como ministro de Ambiente y Espacio P\u00fablico; director de Planeamiento Estrat\u00e9gico en la Secretar\u00eda de Producci\u00f3n y Servicios; y coordinador de la Direcci\u00f3n General de Administraci\u00f3n. Adem\u00e1s, fue director del Banco Ciudad de Buenos Aires; senador y vicepresidente primero de la Legislatura Porte\u00f1a. En tanto, en la provincia de Buenos Aires, fue vicepresidente del Instituto de Previsi\u00f3n Social (IPS).<\/p>\n<p>&nbsp;<\/p>\n<p><strong>Lo acompa\u00f1an en la lista Graciela Oca\u00f1a<\/strong> (licenciada en Ciencias Pol\u00edticas, nacida en San justo, exministra de Salud, exdirectora de PAMI y actualmente diputada nacional) <strong>y el neur\u00f3logo, neurocient\u00edfico y exrector de la Universidad Favaloro Facundo Manes<\/strong>, nacido en Quilmes el 11 de enero de 1969, creador del Instituto de Neurolog\u00eda Cognitiva (INECO) y presidente honor\u00edfico de la Fundaci\u00f3n INECO. En 2018 se convirti\u00f3 en el primer presidente hispanohablante de la Sociedad Internacional de Demencias Frontotemporales, public\u00f3 m\u00e1s de 200 trabajos cient\u00edficos originales en revistas internacionales de su especialidad, y se dedica a la neurobiolog\u00eda de los procesos mentales.<\/p>\n<p>&nbsp;<\/p>\n<p>Por su parte, <strong>por el espacio Vamos con Vos se presenta Florencio Randazzo<\/strong>, nacido en Chivilcoy, contador y exministro del Interior y Transporte nacional y ministro provincial. En 2017 fue candidato a senador nacional por la provincia de Buenos Aires.<\/p>\n<p>&nbsp;<\/p>\n<p><strong>Por el frente Avanza Libertad se postula Jos\u00e9 Luis Espert<\/strong>, nacido en Pergamino, economista de ideolog\u00eda liberal y excandidato presidencial.<\/p>\n<p>&nbsp;<\/p>\n<p><strong>Desde la izquierda se postula el exdiputado nacional y el dirigente del Partido de Tabajadores Socialistas (PTS), Nicol\u00e1s del Ca\u00f1o<\/strong>; mientras que por la <strong>Alianza +valores, se postula Cynthia Hotton,<\/strong> exdiputada por el partido Valores para mi Pa\u00eds, que ella misma fund\u00f3 al abandonar Compromiso para el Cambio.<\/p>\n<p>&nbsp;<\/p>\n<p>Fuente: DIB<\/p>\n","protected":false},"excerpt":{"rendered":"<p>En el cuarto oscuro habr\u00e1 de todo: dos contadores, un sanitarista, un neurocient\u00edfico, exministros nacionales y exlegisladores.<\/p>\n","protected":false},"author":5,"featured_media":32918,"comment_status":"closed","ping_status":"closed","sticky":false,"template":"","format":"standard","meta":{"_jetpack_memberships_contains_paid_content":false,"footnotes":""},"categories":[17,1],"tags":[],"class_list":["post-38560","post","type-post","status-publish","format-standard","has-post-thumbnail","hentry","category-elecciones-2021","category-portada"],"jetpack_featured_media_url":"https:\/\/i0.wp.com\/cdnoticias.com\/wp-content\/uploads\/2021\/09\/elecciones-PASO-2021-06.jpg?fit=1318%2C734&ssl=1","jetpack_sharing_enabled":true,"_links":{"self":[{"href":"https:\/\/cdnoticias.com\/index.php\/wp-json\/wp\/v2\/posts\/38560","targetHints":{"allow":["GET"]}}],"collection":[{"href":"https:\/\/cdnoticias.com\/index.php\/wp-json\/wp\/v2\/posts"}],"about":[{"href":"https:\/\/cdnoticias.com\/index.php\/wp-json\/wp\/v2\/types\/post"}],"author":[{"embeddable":true,"href":"https:\/\/cdnoticias.com\/index.php\/wp-json\/wp\/v2\/users\/5"}],"replies":[{"embeddable":true,"href":"https:\/\/cdnoticias.com\/index.php\/wp-json\/wp\/v2\/comments?post=38560"}],"version-history":[{"count":0,"href":"https:\/\/cdnoticias.com\/index.php\/wp-json\/wp\/v2\/posts\/38560\/revisions"}],"wp:featuredmedia":[{"embeddable":true,"href":"https:\/\/cdnoticias.com\/index.php\/wp-json\/wp\/v2\/media\/32918"}],"wp:attachment":[{"href":"https:\/\/cdnoticias.com\/index.php\/wp-json\/wp\/v2\/media?parent=38560"}],"wp:term":[{"taxonomy":"category","embeddable":true,"href":"https:\/\/cdnoticias.com\/index.php\/wp-json\/wp\/v2\/categories?post=38560"},{"taxonomy":"post_tag","embeddable":true,"href":"https:\/\/cdnoticias.com\/index.php\/wp-json\/wp\/v2\/tags?post=38560"}],"curies":[{"name":"wp","href":"https:\/\/api.w.org\/{rel}","templated":true}]}}