{"id":38553,"date":"2021-11-13T17:44:27","date_gmt":"2021-11-13T20:44:27","guid":{"rendered":"http:\/\/www.centraldenoticias.com.ar\/?p=38553"},"modified":"2021-11-13T19:08:45","modified_gmt":"2021-11-13T22:08:45","slug":"desde-este-lunes-vuelve-el-horario-de-verano-a-los-bancos-de-la-ciudad","status":"publish","type":"post","link":"https:\/\/cdnoticias.com\/index.php\/2021\/11\/13\/desde-este-lunes-vuelve-el-horario-de-verano-a-los-bancos-de-la-ciudad\/","title":{"rendered":"Desde este lunes, vuelve el \u201chorario de verano\u201d a los bancos de la ciudad"},"content":{"rendered":"<p>Atender\u00e1n, hasta abril, de 08:00 a 13:00 horas. Tambi\u00e9n se podr\u00e1 ir de forma espont\u00e1nea, es decir, sin turno previo.<br \/>\n<!--more--><\/p>\n<hr \/>\n<p>Publicado en el Bolet\u00edn Oficial de este s\u00e1bado<strong>, tanto en Olavarr\u00eda como en otros 97 distritos de la Provincia de Buenos Aires volver\u00e1, desde este lunes, el \u201chorario de verano\u201d en los bancos p\u00fablicos y privados.<\/strong><\/p>\n<p>&nbsp;<\/p>\n<blockquote><p>El horario ser\u00e1 de 08:00 a 13:00 horas y tal como sucedi\u00f3 el a\u00f1o pasado, la medida se extender\u00e1 hasta abril, m\u00e1s precisamente el 3 de abril de 2022.<\/p><\/blockquote>\n<p>&nbsp;<\/p>\n<p>La decisi\u00f3n fue publicada este s\u00e1bado en el Bolet\u00edn Oficial bonaerense y<strong> hab\u00eda sido solicitada por la Asociaci\u00f3n Bancaria, que fundament\u00f3 el pedido en no exponer a los clientes a altas temperaturas para realizar sus tr\u00e1mites.<\/strong><\/p>\n<p>&nbsp;<\/p>\n<p>Tambi\u00e9n,<strong> desde este lunes la atenci\u00f3n ser\u00e1 sin turno previo, disposici\u00f3n que se hab\u00eda impuesto durante la pandemia<\/strong>, mientras que el horario laboral para los empleados seguir\u00e1 siendo de 7 horas, desde las 7.45.<\/p>\n<p>&nbsp;<\/p>\n<p>Por su parte el Banco Central de la Rep\u00fablica Argentina aclar\u00f3 que <strong><em>\u201csi la capacidad de atenci\u00f3n lo permite, se podr\u00e1 atender con ambas modalidades, dando prioridad a la atenci\u00f3n de los clientes que tienen turno y a personas que se presenten con su certificado \u00fanico de discapacidad vigente o con movilidad reducida\u201d.<\/em><\/strong><\/p>\n<p>&nbsp;<\/p>\n<p>La medida establece que<em> \u201cen caso de optar por dar prioridad a la atenci\u00f3n con turno, las entidades deber\u00e1n exhibir esa condici\u00f3n en forma clara en sus p\u00e1ginas de Internet, el turno no podr\u00e1 demorar m\u00e1s de tres jornadas h\u00e1biles y se deber\u00e1 tramitar en forma sencilla a trav\u00e9s de esas p\u00e1ginas o por otro medio electr\u00f3nico y atenderse con celeridad\u201d.<\/em><\/p>\n","protected":false},"excerpt":{"rendered":"<p>Atender\u00e1n, hasta abril, de 08:00 a 13:00 horas. Tambi\u00e9n se podr\u00e1 ir de forma espont\u00e1nea, es decir, sin turno previo.<\/p>\n","protected":false},"author":5,"featured_media":17852,"comment_status":"closed","ping_status":"closed","sticky":false,"template":"","format":"standard","meta":{"_jetpack_memberships_contains_paid_content":false,"footnotes":""},"categories":[5,1],"tags":[],"class_list":["post-38553","post","type-post","status-publish","format-standard","has-post-thumbnail","hentry","category-informacion-general","category-portada"],"jetpack_featured_media_url":"https:\/\/i0.wp.com\/cdnoticias.com\/wp-content\/uploads\/2021\/04\/banco-provincia-01.jpg?fit=800%2C445&ssl=1","jetpack_sharing_enabled":true,"_links":{"self":[{"href":"https:\/\/cdnoticias.com\/index.php\/wp-json\/wp\/v2\/posts\/38553","targetHints":{"allow":["GET"]}}],"collection":[{"href":"https:\/\/cdnoticias.com\/index.php\/wp-json\/wp\/v2\/posts"}],"about":[{"href":"https:\/\/cdnoticias.com\/index.php\/wp-json\/wp\/v2\/types\/post"}],"author":[{"embeddable":true,"href":"https:\/\/cdnoticias.com\/index.php\/wp-json\/wp\/v2\/users\/5"}],"replies":[{"embeddable":true,"href":"https:\/\/cdnoticias.com\/index.php\/wp-json\/wp\/v2\/comments?post=38553"}],"version-history":[{"count":0,"href":"https:\/\/cdnoticias.com\/index.php\/wp-json\/wp\/v2\/posts\/38553\/revisions"}],"wp:featuredmedia":[{"embeddable":true,"href":"https:\/\/cdnoticias.com\/index.php\/wp-json\/wp\/v2\/media\/17852"}],"wp:attachment":[{"href":"https:\/\/cdnoticias.com\/index.php\/wp-json\/wp\/v2\/media?parent=38553"}],"wp:term":[{"taxonomy":"category","embeddable":true,"href":"https:\/\/cdnoticias.com\/index.php\/wp-json\/wp\/v2\/categories?post=38553"},{"taxonomy":"post_tag","embeddable":true,"href":"https:\/\/cdnoticias.com\/index.php\/wp-json\/wp\/v2\/tags?post=38553"}],"curies":[{"name":"wp","href":"https:\/\/api.w.org\/{rel}","templated":true}]}}