{"id":38540,"date":"2021-11-13T12:12:42","date_gmt":"2021-11-13T15:12:42","guid":{"rendered":"http:\/\/www.centraldenoticias.com.ar\/?p=38540"},"modified":"2021-11-13T12:12:42","modified_gmt":"2021-11-13T15:12:42","slug":"oscar-raul-axelband-q-e-p-d","status":"publish","type":"post","link":"https:\/\/cdnoticias.com\/index.php\/2021\/11\/13\/oscar-raul-axelband-q-e-p-d\/","title":{"rendered":"Oscar Ra\u00fal Axelband (Q.E.P.D.)"},"content":{"rendered":"<p>Falleci\u00f3 en Olavarr\u00eda el 13 de noviembre a los 77 a\u00f1os de edad. Su esposa Laura Arregui; sus hijos Sof\u00eda, Ezequiel y Victoria; sus hijos en el afecto Cintia y Dami\u00e1n Nasello; sus hijos pol\u00edticos Miguel y Antonella; su madre pol\u00edtica Rane\u00e9 Fern\u00e1ndez; sus nietos Bernardo y Manuel Acosta; Juana Nasello; sus sobrinos: Graciela y David y dem\u00e1s deudos participan su fallecimiento.<\/p>\n<p>&nbsp;<\/p>\n<p>Se ruega no realizar visitas de p\u00e9same. Sus restos no ser\u00e1n velados y ser\u00e1n inhumados en d\u00eda y horario a confirmar. Vecino de barrio Mariano Moreno. Nacido en Ciudad de Buenos Aires. Jubilado.<\/p>\n","protected":false},"excerpt":{"rendered":"<p>Falleci\u00f3 en Olavarr\u00eda el 13 de noviembre a los 77 a\u00f1os de edad. Su esposa Laura Arregui; sus hijos Sof\u00eda,<\/p>\n","protected":false},"author":5,"featured_media":0,"comment_status":"closed","ping_status":"closed","sticky":false,"template":"","format":"standard","meta":{"_jetpack_memberships_contains_paid_content":false,"footnotes":""},"categories":[10],"tags":[],"class_list":["post-38540","post","type-post","status-publish","format-standard","hentry","category-necrologicas"],"jetpack_featured_media_url":"","jetpack_sharing_enabled":true,"_links":{"self":[{"href":"https:\/\/cdnoticias.com\/index.php\/wp-json\/wp\/v2\/posts\/38540","targetHints":{"allow":["GET"]}}],"collection":[{"href":"https:\/\/cdnoticias.com\/index.php\/wp-json\/wp\/v2\/posts"}],"about":[{"href":"https:\/\/cdnoticias.com\/index.php\/wp-json\/wp\/v2\/types\/post"}],"author":[{"embeddable":true,"href":"https:\/\/cdnoticias.com\/index.php\/wp-json\/wp\/v2\/users\/5"}],"replies":[{"embeddable":true,"href":"https:\/\/cdnoticias.com\/index.php\/wp-json\/wp\/v2\/comments?post=38540"}],"version-history":[{"count":0,"href":"https:\/\/cdnoticias.com\/index.php\/wp-json\/wp\/v2\/posts\/38540\/revisions"}],"wp:attachment":[{"href":"https:\/\/cdnoticias.com\/index.php\/wp-json\/wp\/v2\/media?parent=38540"}],"wp:term":[{"taxonomy":"category","embeddable":true,"href":"https:\/\/cdnoticias.com\/index.php\/wp-json\/wp\/v2\/categories?post=38540"},{"taxonomy":"post_tag","embeddable":true,"href":"https:\/\/cdnoticias.com\/index.php\/wp-json\/wp\/v2\/tags?post=38540"}],"curies":[{"name":"wp","href":"https:\/\/api.w.org\/{rel}","templated":true}]}}