{"id":38530,"date":"2021-11-13T12:13:27","date_gmt":"2021-11-13T15:13:27","guid":{"rendered":"http:\/\/www.centraldenoticias.com.ar\/?p=38530"},"modified":"2021-11-13T16:09:23","modified_gmt":"2021-11-13T19:09:23","slug":"macondo-cumple-15-anos-con-la-esperanza-de-un-centro-cultural-en-la-estacion","status":"publish","type":"post","link":"https:\/\/cdnoticias.com\/index.php\/2021\/11\/13\/macondo-cumple-15-anos-con-la-esperanza-de-un-centro-cultural-en-la-estacion\/","title":{"rendered":"Macondo cumple 15 a\u00f1os con la esperanza de \u201cun centro cultural en la Estaci\u00f3n\u201d"},"content":{"rendered":"<p>Este 16 de noviembre la Mutual de Arte Popular celebra un nuevo aniversario. Realizar\u00e1n un abrazo simb\u00f3lico a la vieja estaci\u00f3n de trenes para pedir por el espacio. \u00bfSe cumplir\u00e1 el sue\u00f1o?.\u00a0<!--more--><\/p>\n<hr \/>\n<p>El 16 de noviembre la Mutual de Arte Popular Macondo cumple 15 a\u00f1os. Los y las integrantes del espacio eligieron celebrarlos con un <strong>abrazo simb\u00f3lico a la ex estaci\u00f3n de trenes de El Provincial.<\/strong><\/p>\n<p>&nbsp;<\/p>\n<p>La actividad se realizar\u00e1 el pr\u00f3xim<strong>o martes desde las 18:30 en Belgrano y Jun\u00edn.<\/strong><\/p>\n<p>&nbsp;<\/p>\n<p>De esta forma, se renueva el <strong>hist\u00f3rico pedido del espacio para convertirlo en sede de la mutual y centro cultural.<\/strong> Desde sus inicios, Macondo ha tenido una fuerte pertenencia con el lugar, desarrollando desde 2008 sus tradicionales carnavales populares convirtiendo a la estaci\u00f3n en parte de la escena.<\/p>\n<p>&nbsp;<\/p>\n<p><img data-recalc-dims=\"1\" loading=\"lazy\" decoding=\"async\" class=\"alignnone size-large wp-image-38532\" src=\"https:\/\/i0.wp.com\/cdnoticias.com\/wp-content\/uploads\/2021\/11\/macondo02.jpg?resize=800%2C800&#038;ssl=1\" alt=\"\" width=\"800\" height=\"800\" srcset=\"https:\/\/i0.wp.com\/cdnoticias.com\/wp-content\/uploads\/2021\/11\/macondo02.jpg?resize=1024%2C1024&amp;ssl=1 1024w, https:\/\/i0.wp.com\/cdnoticias.com\/wp-content\/uploads\/2021\/11\/macondo02.jpg?resize=150%2C150&amp;ssl=1 150w, https:\/\/i0.wp.com\/cdnoticias.com\/wp-content\/uploads\/2021\/11\/macondo02.jpg?resize=300%2C300&amp;ssl=1 300w, https:\/\/i0.wp.com\/cdnoticias.com\/wp-content\/uploads\/2021\/11\/macondo02.jpg?resize=768%2C768&amp;ssl=1 768w, https:\/\/i0.wp.com\/cdnoticias.com\/wp-content\/uploads\/2021\/11\/macondo02.jpg?w=1080&amp;ssl=1 1080w\" sizes=\"auto, (max-width: 800px) 100vw, 800px\" \/><\/p>\n<p>&nbsp;<\/p>\n<p><strong>Una y otra vez<\/strong><\/p>\n<p>&nbsp;<\/p>\n<p>En<strong> 2009<\/strong>, Macondo present\u00f3 ante el entonces intendente Jos\u00e9 Eseverri, el pedido formal del edificio de la ex estaci\u00f3n de trenes El Provincial. Pedido que se reiter\u00f3 en diversas oportunidades hasta llegar a este <strong>2021<\/strong>.<\/p>\n<p>&nbsp;<\/p>\n<blockquote><p>En el marco del 10 aniversario del grupo de teatro comunitario \u201cLos bufones del and\u00e9n\u201d y del cumplea\u00f1os n\u00famero 15 de la mutual, volvieron a darle estado p\u00fablico a la solicitud.<\/p><\/blockquote>\n<p>&nbsp;<\/p>\n<p>El proyecto consiste en considerar la estaci\u00f3n como <strong>centro cultural de gesti\u00f3n comunitaria.<\/strong> Un lugar proyectado para la comunidad, con diversas actividades y la inclusi\u00f3n de una sala teatral.<\/p>\n<p>&nbsp;<\/p>\n<p>El sue\u00f1o es contar con la posibilidad de que en la estaci\u00f3n se realicen todo tipo de actividades art\u00edsticas, que pueda ser utilizada por las instituciones educativas y sociales del barrio, y que se constituya un<strong> museo de sitio<\/strong>. Adem\u00e1s, de construir una sala de teatro que le permita al grupo seguir funcionando ya que este a\u00f1o, Macondo perdi\u00f3 su sede.<\/p>\n","protected":false},"excerpt":{"rendered":"<p>Este 16 de noviembre la Mutual de Arte Popular celebra un nuevo aniversario. Realizar\u00e1n un abrazo simb\u00f3lico a la vieja<\/p>\n","protected":false},"author":5,"featured_media":0,"comment_status":"closed","ping_status":"closed","sticky":false,"template":"","format":"standard","meta":{"_jetpack_memberships_contains_paid_content":false,"footnotes":""},"categories":[5,1],"tags":[],"class_list":["post-38530","post","type-post","status-publish","format-standard","hentry","category-informacion-general","category-portada"],"jetpack_featured_media_url":"","jetpack_sharing_enabled":true,"_links":{"self":[{"href":"https:\/\/cdnoticias.com\/index.php\/wp-json\/wp\/v2\/posts\/38530","targetHints":{"allow":["GET"]}}],"collection":[{"href":"https:\/\/cdnoticias.com\/index.php\/wp-json\/wp\/v2\/posts"}],"about":[{"href":"https:\/\/cdnoticias.com\/index.php\/wp-json\/wp\/v2\/types\/post"}],"author":[{"embeddable":true,"href":"https:\/\/cdnoticias.com\/index.php\/wp-json\/wp\/v2\/users\/5"}],"replies":[{"embeddable":true,"href":"https:\/\/cdnoticias.com\/index.php\/wp-json\/wp\/v2\/comments?post=38530"}],"version-history":[{"count":0,"href":"https:\/\/cdnoticias.com\/index.php\/wp-json\/wp\/v2\/posts\/38530\/revisions"}],"wp:attachment":[{"href":"https:\/\/cdnoticias.com\/index.php\/wp-json\/wp\/v2\/media?parent=38530"}],"wp:term":[{"taxonomy":"category","embeddable":true,"href":"https:\/\/cdnoticias.com\/index.php\/wp-json\/wp\/v2\/categories?post=38530"},{"taxonomy":"post_tag","embeddable":true,"href":"https:\/\/cdnoticias.com\/index.php\/wp-json\/wp\/v2\/tags?post=38530"}],"curies":[{"name":"wp","href":"https:\/\/api.w.org\/{rel}","templated":true}]}}