{"id":38522,"date":"2021-11-13T11:33:41","date_gmt":"2021-11-13T14:33:41","guid":{"rendered":"http:\/\/www.centraldenoticias.com.ar\/?p=38522"},"modified":"2021-11-13T11:33:41","modified_gmt":"2021-11-13T14:33:41","slug":"por-el-pronostico-de-mal-tiempo-se-suspendio-la-jornada-de-adopcion-de-mascotas","status":"publish","type":"post","link":"https:\/\/cdnoticias.com\/index.php\/2021\/11\/13\/por-el-pronostico-de-mal-tiempo-se-suspendio-la-jornada-de-adopcion-de-mascotas\/","title":{"rendered":"Por el pron\u00f3stico de mal tiempo se suspendi\u00f3 la Jornada de Adopci\u00f3n de Mascotas"},"content":{"rendered":"<p>La actividad estaba prevista para este s\u00e1bado por la tarde en el Parque Helios Eseverri. Fue reprogramada para el 27 de noviembre.<!--more--><\/p>\n<hr \/>\n<p>Este s\u00e1bado estaba prevista una <strong>Jornada de Adopci\u00f3n de Mascotas y Tenencia Responsable \u201cVen\u00ed a conocer a tu nuevo amigo\u201d<\/strong> en el Parque Helios Eseverri. Por el <a href=\"https:\/\/cdnoticias.com\/index.php\/2021\/11\/13\/continua-vigente-el-alerta-amarillo-por-fuertes-tormentas-en-olavarria\/\" target=\"_blank\" rel=\"noopener\">pron\u00f3stico de mal tiempo<\/a> fue suspendida y reprogramada para el s\u00e1bado 27.<\/p>\n<p>&nbsp;<\/p>\n<p>La actividad es impulsada por la<strong> Direcci\u00f3n de Bromatolog\u00eda y agrupaciones proteccionistas.<\/strong> Incluir\u00e1 el desarrollo de charlas abiertas sobre adopci\u00f3n y tenencia responsable.<\/p>\n<p>&nbsp;<\/p>\n<p>Por otro lado, habr\u00e1 puestos de artesanos y protectoras, actividades recreativas para ni\u00f1os y ni\u00f1as y espect\u00e1culos musicales, a cargo de Las Rocker\u00edsticas. Asimismo, los presentes podr\u00e1n deleitarse con demostraciones de perros de la Escuela Canina. El evento ser\u00e1 auspiciado por Vital Can, que regalar\u00e1 alimento y merchandising a quienes adopten un animal.<\/p>\n","protected":false},"excerpt":{"rendered":"<p>La actividad estaba prevista para este s\u00e1bado por la tarde en el Parque Helios Eseverri. Fue reprogramada para el 27<\/p>\n","protected":false},"author":5,"featured_media":0,"comment_status":"closed","ping_status":"closed","sticky":false,"template":"","format":"standard","meta":{"_jetpack_memberships_contains_paid_content":false,"footnotes":""},"categories":[5,1],"tags":[],"class_list":["post-38522","post","type-post","status-publish","format-standard","hentry","category-informacion-general","category-portada"],"jetpack_featured_media_url":"","jetpack_sharing_enabled":true,"_links":{"self":[{"href":"https:\/\/cdnoticias.com\/index.php\/wp-json\/wp\/v2\/posts\/38522","targetHints":{"allow":["GET"]}}],"collection":[{"href":"https:\/\/cdnoticias.com\/index.php\/wp-json\/wp\/v2\/posts"}],"about":[{"href":"https:\/\/cdnoticias.com\/index.php\/wp-json\/wp\/v2\/types\/post"}],"author":[{"embeddable":true,"href":"https:\/\/cdnoticias.com\/index.php\/wp-json\/wp\/v2\/users\/5"}],"replies":[{"embeddable":true,"href":"https:\/\/cdnoticias.com\/index.php\/wp-json\/wp\/v2\/comments?post=38522"}],"version-history":[{"count":0,"href":"https:\/\/cdnoticias.com\/index.php\/wp-json\/wp\/v2\/posts\/38522\/revisions"}],"wp:attachment":[{"href":"https:\/\/cdnoticias.com\/index.php\/wp-json\/wp\/v2\/media?parent=38522"}],"wp:term":[{"taxonomy":"category","embeddable":true,"href":"https:\/\/cdnoticias.com\/index.php\/wp-json\/wp\/v2\/categories?post=38522"},{"taxonomy":"post_tag","embeddable":true,"href":"https:\/\/cdnoticias.com\/index.php\/wp-json\/wp\/v2\/tags?post=38522"}],"curies":[{"name":"wp","href":"https:\/\/api.w.org\/{rel}","templated":true}]}}