{"id":3852,"date":"2020-10-13T15:41:26","date_gmt":"2020-10-13T18:41:26","guid":{"rendered":"http:\/\/www.centraldenoticias.com.ar\/?p=3852"},"modified":"2020-10-13T15:41:26","modified_gmt":"2020-10-13T18:41:26","slug":"la-maxima-colabora-para-repoblar-de-pecaries-la-reserva-del-ibera","status":"publish","type":"post","link":"https:\/\/cdnoticias.com\/index.php\/2020\/10\/13\/la-maxima-colabora-para-repoblar-de-pecaries-la-reserva-del-ibera\/","title":{"rendered":"\u201cLa M\u00e1xima\u201d colabora para repoblar de pecar\u00edes la Reserva del Iber\u00e1"},"content":{"rendered":"<p>&nbsp;<\/p>\n<p>Naci\u00f3 un nuevo ejemplar en el predio del bioparque y se incorporar\u00e1 al programa de conservaci\u00f3n. Es uno de los principales frug\u00edferos silvestres del norte argentino. Cumple un rol important\u00edsimo para que los bosques se regeneren, por su funci\u00f3n de dispersores de semillas.<!--more--><\/p>\n<hr \/>\n<p>El Bioparque Municipal \u201cLa M\u00e1xima\u201d acuna a un nuevo pecar\u00ed de collar nacido en el predio, que <strong>se incorpora al programa de Conservaci\u00f3n de esta especie.<\/strong><\/p>\n<p>&nbsp;<\/p>\n<p>El pecar\u00ed de collar o morito est\u00e1 catalogado en la lista roja como una especie de \u201cpreocupaci\u00f3n menor\u201d en el mundo, seg\u00fan la Uni\u00f3n Internacional para la Conservaci\u00f3n de la Naturaleza (UICN), la autoridad mundial en cuanto al estado de los recursos naturales. <strong>En nuestro pa\u00eds esta especie se considera \u201cextinta\u201d desde el siglo XX en la provincia de Corrientes, Entre R\u00edos, buena parte de Santa Fe, Sur de C\u00f3rdoba y el sudeste de Santiago del Estero.<\/strong><\/p>\n<p>&nbsp;<\/p>\n<p>El pecar\u00ed de collar es uno de los principales frug\u00edferos silvestres del norte argentino, que <strong>cumple un rol important\u00edsimo para que los bosques se regeneren, por su funci\u00f3n de dispersores de semillas.<\/strong> Adem\u00e1s son piezas claves, como presas, en la cadena alimenticia, para que la liberaci\u00f3n del yaguaret\u00e9 sea exitosa. All\u00ed radica la importancia de trabajar en su preservaci\u00f3n, y ese es el compromiso que el Bioparque \u201cLa M\u00e1xima\u201d asume desde 2018.<\/p>\n<p>&nbsp;<\/p>\n<p><strong>El programa de Conservaci\u00f3n del Pecar\u00ed de Collar se desarrolla desde hace m\u00e1s de 13 a\u00f1os<\/strong>, en Alianza con CLT (Conservation Land Trust) y otras reservas y zool\u00f3gicos provinciales, como la Reserva del Tigre y Granja los Pibes en Tandil, el Zool\u00f3gico de La Plata y el Ecoparque Am\u00e9rica, contando con el apoyo de la Direcci\u00f3n de Fauna Provincial de Buenos Aires.<\/p>\n<p>&nbsp;<\/p>\n<p><strong>El Pecar\u00ed de Collar se constituye en un eslab\u00f3n indispensable en el ecosistema de la Reserva del Iber\u00e1<\/strong> por todo lo antes mencionado, por lo cual este programa busca devolver a los esteros a los pecar\u00edes que desaparecieron, ya sea por acci\u00f3n de la caza indiscriminada o por destrucci\u00f3n del h\u00e1bitat.<\/p>\n<p>&nbsp;<\/p>\n<blockquote><p>La reintroducci\u00f3n del pecar\u00ed de collar comenz\u00f3 en 2015, y fue en el a\u00f1o 2018 que el Bioparque aport\u00f3 animales a este programa, en lo que fue la reincorporaci\u00f3n m\u00e1s grande, que se llev\u00f3 adelante por la instituci\u00f3n.<\/p><\/blockquote>\n<p>&nbsp;<\/p>\n<p>Todo el proceso de reintroducci\u00f3n de especies es avalado por criterios cient\u00edficos. En el caso del pecar\u00ed, por ejemplo, debe constatarse que no haya otras poblaciones de la misma especie en la zona u otro mam\u00edfero nativo que se vea amenazado por el retorno de este peque\u00f1o mam\u00edfero. <strong>Inicialmente antes de soltar a todos los pecar\u00edes se les colocaban radiocollares para rastrear su localizaci\u00f3n en el campo.<\/strong><\/p>\n<p>&nbsp;<\/p>\n<p>Actualmente, el Bioparque cuenta con la autorizaci\u00f3n para realizar el traslado de los animales, ahora comienza el trabajo de sinergia para la <strong>construcci\u00f3n y restauraci\u00f3n de cajas transportadoras, mangas de encierre para la contenci\u00f3n del animal y muchas horas de viaje.<\/strong><\/p>\n<p>&nbsp;<\/p>\n<p>El Bioparque elabor\u00f3 un programa diferente al efectuado en otros establecimientos como C\u00f3rdoba y Mendoza: <em>\u201cdecidimos preparar n\u00facleos poblacionales para la restauraci\u00f3n del ecosistema que lleva adelante CLT en el Parque Nacional Iber\u00e1. Nos encontramos trabajando y preparando nuevas familias de pecar\u00edes para su liberaci\u00f3n\u201d<\/em>, explic\u00f3 Flavio Maldonado, director del Bioparque, quien agreg\u00f3 que, cumpliendo con el rol de los Bioparques, <strong>se trabaja en red para la conservaci\u00f3n de la biodiversidad en ambientes naturales de forma sostenida y sustentable, entablando alianzas para llevar adelante estos procesos.<\/strong><\/p>\n<p>&nbsp;<\/p>\n<p>A principios de 2020 estaba previsto el traslado de una nueva piara de pecar\u00edes de collar al Centro de Conservaci\u00f3n de Fauna Silvestre \u201cAguar\u00e1\u201d (Paso de la Patria) en Corrientes. Dado el contexto de pandemia, este traslado fue postergado y<strong> hace unos d\u00edas se produjo el nacimiento de un nuevo pecar\u00ed que se incorpora al programa de Conservaci\u00f3n.<\/strong><\/p>\n<p>&nbsp;<\/p>\n<p>Desde la Municipalidad invitan a los vecinos a visitar la red social del Bioparque y conocer la cr\u00eda de pecar\u00edes de collar.<\/p>\n","protected":false},"excerpt":{"rendered":"<p>&nbsp; Naci\u00f3 un nuevo ejemplar en el predio del bioparque y se incorporar\u00e1 al programa de conservaci\u00f3n. Es uno de<\/p>\n","protected":false},"author":5,"featured_media":3853,"comment_status":"closed","ping_status":"closed","sticky":false,"template":"","format":"standard","meta":{"_jetpack_memberships_contains_paid_content":false,"footnotes":""},"categories":[5,1],"tags":[],"class_list":["post-3852","post","type-post","status-publish","format-standard","has-post-thumbnail","hentry","category-informacion-general","category-portada"],"jetpack_featured_media_url":"https:\/\/i0.wp.com\/cdnoticias.com\/wp-content\/uploads\/2020\/10\/Pecar%C3%ADes-1024x581.jpg?fit=1024%2C581&ssl=1","jetpack_sharing_enabled":true,"_links":{"self":[{"href":"https:\/\/cdnoticias.com\/index.php\/wp-json\/wp\/v2\/posts\/3852","targetHints":{"allow":["GET"]}}],"collection":[{"href":"https:\/\/cdnoticias.com\/index.php\/wp-json\/wp\/v2\/posts"}],"about":[{"href":"https:\/\/cdnoticias.com\/index.php\/wp-json\/wp\/v2\/types\/post"}],"author":[{"embeddable":true,"href":"https:\/\/cdnoticias.com\/index.php\/wp-json\/wp\/v2\/users\/5"}],"replies":[{"embeddable":true,"href":"https:\/\/cdnoticias.com\/index.php\/wp-json\/wp\/v2\/comments?post=3852"}],"version-history":[{"count":0,"href":"https:\/\/cdnoticias.com\/index.php\/wp-json\/wp\/v2\/posts\/3852\/revisions"}],"wp:featuredmedia":[{"embeddable":true,"href":"https:\/\/cdnoticias.com\/index.php\/wp-json\/wp\/v2\/media\/3853"}],"wp:attachment":[{"href":"https:\/\/cdnoticias.com\/index.php\/wp-json\/wp\/v2\/media?parent=3852"}],"wp:term":[{"taxonomy":"category","embeddable":true,"href":"https:\/\/cdnoticias.com\/index.php\/wp-json\/wp\/v2\/categories?post=3852"},{"taxonomy":"post_tag","embeddable":true,"href":"https:\/\/cdnoticias.com\/index.php\/wp-json\/wp\/v2\/tags?post=3852"}],"curies":[{"name":"wp","href":"https:\/\/api.w.org\/{rel}","templated":true}]}}