{"id":38509,"date":"2021-11-12T20:01:30","date_gmt":"2021-11-12T23:01:30","guid":{"rendered":"http:\/\/www.centraldenoticias.com.ar\/?p=38509"},"modified":"2021-11-12T20:01:30","modified_gmt":"2021-11-12T23:01:30","slug":"un-transportista-olavarriense-protagonizo-un-vuelco-en-la-ruta-65","status":"publish","type":"post","link":"https:\/\/cdnoticias.com\/index.php\/2021\/11\/12\/un-transportista-olavarriense-protagonizo-un-vuelco-en-la-ruta-65\/","title":{"rendered":"Un transportista olavarriense protagoniz\u00f3 un vuelco en la ruta 65"},"content":{"rendered":"<p>Ocurri\u00f3 en la madrugada del \u00faltimo jueves, en el partido de 9 de Julio. Pese la violencia del siniestro no habr\u00eda sufrido lesiones de consideraci\u00f3n.<!--more--><\/p>\n<hr \/>\n<p>En las primeras horas de la madrugada del \u00faltimo jueves un violento siniestro vial tuvo como escenario la Ruta Provincial 65, en el partido de 9 de Julio, donde en condiciones que son materia de estudio <strong>un cami\u00f3n guiado por un transportista de Sierras Bayas termin\u00f3 volcado, apoyado sobre uno de los laterales a la vera del camino.<\/strong><\/p>\n<p>&nbsp;<\/p>\n<p><img data-recalc-dims=\"1\" loading=\"lazy\" decoding=\"async\" class=\"alignnone size-large wp-image-38511\" src=\"https:\/\/i0.wp.com\/cdnoticias.com\/wp-content\/uploads\/2021\/11\/resize_1636668969.jpg?resize=800%2C362&#038;ssl=1\" alt=\"\" width=\"800\" height=\"362\" srcset=\"https:\/\/i0.wp.com\/cdnoticias.com\/wp-content\/uploads\/2021\/11\/resize_1636668969.jpg?w=1024&amp;ssl=1 1024w, https:\/\/i0.wp.com\/cdnoticias.com\/wp-content\/uploads\/2021\/11\/resize_1636668969.jpg?resize=300%2C136&amp;ssl=1 300w, https:\/\/i0.wp.com\/cdnoticias.com\/wp-content\/uploads\/2021\/11\/resize_1636668969.jpg?resize=768%2C347&amp;ssl=1 768w\" sizes=\"auto, (max-width: 800px) 100vw, 800px\" \/><\/p>\n<p>&nbsp;<\/p>\n<p>Ocurri\u00f3 alrededor de las 2:30, en las cercan\u00edas a la bajada de Villa Sanz, seg\u00fan precisaron las cr\u00f3nicas period\u00edsticas de medios de la regi\u00f3n. <strong>Fue identificado como Brian Iv\u00e1n Samoilenco, quien guiaba el cami\u00f3n que transportaba cemento<\/strong>. Se detall\u00f3, a la par, que habr\u00eda sufrido un golpe en la cabeza y lesiones costales, aunque se aguardaba por las presiones en su condici\u00f3n. Concurri\u00f3 al lugar personal del SAME.<\/p>\n<p>&nbsp;<\/p>\n<p><strong>Tambi\u00e9n se hicieron presentes agentes de Defensa Civil y Seguridad Vial<\/strong>, quienes adem\u00e1s de las tareas de asistencia a la v\u00edctima reorganizaron la circulaci\u00f3n por el sector.<\/p>\n<p>&nbsp;<\/p>\n<p><a href=\"https:\/\/fm10bolivar.com.ar\/nota\/31740\/volco-un-camion-en-ruta-65\" target=\"_blank\" rel=\"noopener\"><em>Fuente FM 10 de Bol\u00edvar<\/em><\/a><\/p>\n","protected":false},"excerpt":{"rendered":"<p>Ocurri\u00f3 en la madrugada del \u00faltimo jueves, en el partido de 9 de Julio. Pese la violencia del siniestro no<\/p>\n","protected":false},"author":3,"featured_media":38510,"comment_status":"closed","ping_status":"closed","sticky":false,"template":"","format":"standard","meta":{"_jetpack_memberships_contains_paid_content":false,"footnotes":""},"categories":[14,1],"tags":[],"class_list":["post-38509","post","type-post","status-publish","format-standard","has-post-thumbnail","hentry","category-policiales","category-portada"],"jetpack_featured_media_url":"https:\/\/i0.wp.com\/cdnoticias.com\/wp-content\/uploads\/2021\/11\/Cama-ok.jpg?fit=1022%2C567&ssl=1","jetpack_sharing_enabled":true,"_links":{"self":[{"href":"https:\/\/cdnoticias.com\/index.php\/wp-json\/wp\/v2\/posts\/38509","targetHints":{"allow":["GET"]}}],"collection":[{"href":"https:\/\/cdnoticias.com\/index.php\/wp-json\/wp\/v2\/posts"}],"about":[{"href":"https:\/\/cdnoticias.com\/index.php\/wp-json\/wp\/v2\/types\/post"}],"author":[{"embeddable":true,"href":"https:\/\/cdnoticias.com\/index.php\/wp-json\/wp\/v2\/users\/3"}],"replies":[{"embeddable":true,"href":"https:\/\/cdnoticias.com\/index.php\/wp-json\/wp\/v2\/comments?post=38509"}],"version-history":[{"count":0,"href":"https:\/\/cdnoticias.com\/index.php\/wp-json\/wp\/v2\/posts\/38509\/revisions"}],"wp:featuredmedia":[{"embeddable":true,"href":"https:\/\/cdnoticias.com\/index.php\/wp-json\/wp\/v2\/media\/38510"}],"wp:attachment":[{"href":"https:\/\/cdnoticias.com\/index.php\/wp-json\/wp\/v2\/media?parent=38509"}],"wp:term":[{"taxonomy":"category","embeddable":true,"href":"https:\/\/cdnoticias.com\/index.php\/wp-json\/wp\/v2\/categories?post=38509"},{"taxonomy":"post_tag","embeddable":true,"href":"https:\/\/cdnoticias.com\/index.php\/wp-json\/wp\/v2\/tags?post=38509"}],"curies":[{"name":"wp","href":"https:\/\/api.w.org\/{rel}","templated":true}]}}