{"id":38503,"date":"2021-11-12T19:13:13","date_gmt":"2021-11-12T22:13:13","guid":{"rendered":"http:\/\/www.centraldenoticias.com.ar\/?p=38503"},"modified":"2021-11-12T19:13:13","modified_gmt":"2021-11-12T22:13:13","slug":"blanca-rosa-pizarro-de-walter-porota-q-e-p-d","status":"publish","type":"post","link":"https:\/\/cdnoticias.com\/index.php\/2021\/11\/12\/blanca-rosa-pizarro-de-walter-porota-q-e-p-d\/","title":{"rendered":"Blanca Rosa Pizarro de Walter \u201cPorota\u201d (Q.E.P.D.)"},"content":{"rendered":"<p>Falleci\u00f3 en Hinojo el 12 de noviembre a los 87 a\u00f1os de edad. Su esposo Eusebio Walter; su hermana Mar\u00eda del Carmen; su hermano pol\u00edtico Jorge Cuello; sus sobrinas Mar\u00eda Victoria Cuello, Graciela Berardi y dem\u00e1s deudos participan su fallecimiento.<\/p>\n<p>&nbsp;<\/p>\n<p>Sus restos no ser\u00e1n velados y ser\u00e1n cremados en crematorio Pinos de Paz en d\u00eda y horario a confirmar. Vecina de Hinojo. Nacida en Mendoza. Jubilada.<\/p>\n","protected":false},"excerpt":{"rendered":"<p>Falleci\u00f3 en Hinojo el 12 de noviembre a los 87 a\u00f1os de edad. Su esposo Eusebio Walter; su hermana Mar\u00eda<\/p>\n","protected":false},"author":5,"featured_media":0,"comment_status":"closed","ping_status":"closed","sticky":false,"template":"","format":"standard","meta":{"_jetpack_memberships_contains_paid_content":false,"footnotes":""},"categories":[10],"tags":[],"class_list":["post-38503","post","type-post","status-publish","format-standard","hentry","category-necrologicas"],"jetpack_featured_media_url":"","jetpack_sharing_enabled":true,"_links":{"self":[{"href":"https:\/\/cdnoticias.com\/index.php\/wp-json\/wp\/v2\/posts\/38503","targetHints":{"allow":["GET"]}}],"collection":[{"href":"https:\/\/cdnoticias.com\/index.php\/wp-json\/wp\/v2\/posts"}],"about":[{"href":"https:\/\/cdnoticias.com\/index.php\/wp-json\/wp\/v2\/types\/post"}],"author":[{"embeddable":true,"href":"https:\/\/cdnoticias.com\/index.php\/wp-json\/wp\/v2\/users\/5"}],"replies":[{"embeddable":true,"href":"https:\/\/cdnoticias.com\/index.php\/wp-json\/wp\/v2\/comments?post=38503"}],"version-history":[{"count":0,"href":"https:\/\/cdnoticias.com\/index.php\/wp-json\/wp\/v2\/posts\/38503\/revisions"}],"wp:attachment":[{"href":"https:\/\/cdnoticias.com\/index.php\/wp-json\/wp\/v2\/media?parent=38503"}],"wp:term":[{"taxonomy":"category","embeddable":true,"href":"https:\/\/cdnoticias.com\/index.php\/wp-json\/wp\/v2\/categories?post=38503"},{"taxonomy":"post_tag","embeddable":true,"href":"https:\/\/cdnoticias.com\/index.php\/wp-json\/wp\/v2\/tags?post=38503"}],"curies":[{"name":"wp","href":"https:\/\/api.w.org\/{rel}","templated":true}]}}