{"id":38489,"date":"2021-11-12T18:37:59","date_gmt":"2021-11-12T21:37:59","guid":{"rendered":"http:\/\/www.centraldenoticias.com.ar\/?p=38489"},"modified":"2021-11-12T20:24:54","modified_gmt":"2021-11-12T23:24:54","slug":"red-solidaria-olavarria-vamos-a-seguir-peleandola-como-lo-hicimos-siempre","status":"publish","type":"post","link":"https:\/\/cdnoticias.com\/index.php\/2021\/11\/12\/red-solidaria-olavarria-vamos-a-seguir-peleandola-como-lo-hicimos-siempre\/","title":{"rendered":"Red Solidaria Olavarr\u00eda: \u201cVamos a seguir pele\u00e1ndola, como lo hicimos siempre\u201d"},"content":{"rendered":"<p>En la tarde de este viernes la entidad abandon\u00f3 definitivamente la tradicional sede que ten\u00edan en fomento Pueblo Nuevo. \u201cOjal\u00e1 la semana pr\u00f3xima ya consigamos un lugar\u201d, dijeron.<!--more--><\/p>\n<hr \/>\n<p>Con la tarde de este viernes finaliz\u00f3 la estad\u00eda de Red Solidaria Olavarr\u00eda en la sociedad de Fomento Pueblo Nuevo, un espacio que, con alg\u00fan intervalo de por medio, ocuparon durante alrededor de una d\u00e9cada. Es por ello que lo sienten en un punto como la p\u00e9rdida de su casa, <strong>\u201cimpotencia, nostalgia, son sentimientos encontrados\u201d<\/strong>, narr\u00f3 Ram\u00f3n Leguizam\u00f3n a <em><strong>Central de Noticias<\/strong> <\/em>tras culminar la mudanza.<\/p>\n<p>&nbsp;<\/p>\n<p><img data-recalc-dims=\"1\" loading=\"lazy\" decoding=\"async\" class=\"alignnone size-full wp-image-38491\" src=\"https:\/\/i0.wp.com\/cdnoticias.com\/wp-content\/uploads\/2021\/11\/Leguizamon-Red-Solidaria03.jpg?resize=800%2C445&#038;ssl=1\" alt=\"\" width=\"800\" height=\"445\" srcset=\"https:\/\/i0.wp.com\/cdnoticias.com\/wp-content\/uploads\/2021\/11\/Leguizamon-Red-Solidaria03.jpg?w=800&amp;ssl=1 800w, https:\/\/i0.wp.com\/cdnoticias.com\/wp-content\/uploads\/2021\/11\/Leguizamon-Red-Solidaria03.jpg?resize=300%2C167&amp;ssl=1 300w, https:\/\/i0.wp.com\/cdnoticias.com\/wp-content\/uploads\/2021\/11\/Leguizamon-Red-Solidaria03.jpg?resize=768%2C427&amp;ssl=1 768w\" sizes=\"auto, (max-width: 800px) 100vw, 800px\" \/><\/p>\n<p>&nbsp;<\/p>\n<p><strong>\u201cSab\u00edamos que tarde o temprano ten\u00edamos que irnos\u201d,<\/strong> narr\u00f3 el referente de Red Solidaria Olavarr\u00eda mientras con su mirada recorr\u00eda el espacio ya vac\u00edo. Las prendas de vestir, calzados y comestibles, entre otros tantos elementos que recaban y donan a diario, ya se encuentran en un improvisado dep\u00f3sito que confeccionaron en el domicilio de un familiar. Se encuentra sobre Ayacucho al 800, en la esquina con avenida Presidente Per\u00f3n. <strong>\u201cTenemos un dep\u00f3sito all\u00ed, pero no est\u00e1 apto para que la gente pase a buscar las cosas\u201d<\/strong>, aclar\u00f3.<\/p>\n<p>&nbsp;<\/p>\n<p>Es por ello que siguen en la b\u00fasqueda de poder contar con un espacio f\u00edsico y de esa manera poder seguir acompa\u00f1ando a las m\u00e1s de 400 familias que asisten. \u201cVamos a seguir ayudando a las familias\u201d, enfatiz\u00f3 y explic\u00f3 que en algunos casos puntuales se encargar\u00e1n ellos mismos de hacerles llegar las donaciones. <strong>\u201cEs un poco de impotencia, nosotros a lo que estamos acostumbrados a hacer es a ayudar a las familias, y no tener un lugar f\u00edsico para que la gente pueda buscar las donaciones, y que la gente misma traiga donaciones para la familias que lo necesitan, para nosotros es medio chocante\u201d<\/strong>, se sincer\u00f3.<\/p>\n<p>&nbsp;<\/p>\n<p><img data-recalc-dims=\"1\" loading=\"lazy\" decoding=\"async\" class=\"alignnone size-full wp-image-38492\" src=\"https:\/\/i0.wp.com\/cdnoticias.com\/wp-content\/uploads\/2021\/11\/Leguizamon-Red-Solidaria02.jpg?resize=800%2C445&#038;ssl=1\" alt=\"\" width=\"800\" height=\"445\" srcset=\"https:\/\/i0.wp.com\/cdnoticias.com\/wp-content\/uploads\/2021\/11\/Leguizamon-Red-Solidaria02.jpg?w=800&amp;ssl=1 800w, https:\/\/i0.wp.com\/cdnoticias.com\/wp-content\/uploads\/2021\/11\/Leguizamon-Red-Solidaria02.jpg?resize=300%2C167&amp;ssl=1 300w, https:\/\/i0.wp.com\/cdnoticias.com\/wp-content\/uploads\/2021\/11\/Leguizamon-Red-Solidaria02.jpg?resize=768%2C427&amp;ssl=1 768w\" sizes=\"auto, (max-width: 800px) 100vw, 800px\" \/><\/p>\n<p>&nbsp;<\/p>\n<p><strong>\u201cDe una forma u otra vamos a salir adelante<\/strong>. Con la ayuda de la gente, que siempre est\u00e1 a favor nuestra y que nos conoce c\u00f3mo trabajamos y lo que hacemos, as\u00ed que creo mal no hemos hecho las cosas durante estos casi 15 a\u00f1os\u201d, a\u00f1adi\u00f3 y relat\u00f3 que tuvieron conversaciones con el Ejecutivo local en esta b\u00fasqueda de un espacio d\u00f3nde funcionar. \u201cHemos pedido ayuda al municipio, nos han dicho que ellos no pueden hacer nada, supuestamente no tiene un espacio f\u00edsico, no que nos lo den, sino que nos lo puedan prestar. <strong>Vamos a seguir pele\u00e1ndola, como lo hicimos siempre, con la ayuda de gente del municipio o no, nosotros vamos a seguir trabajando igual<\/strong>\u201d, subray\u00f3.<\/p>\n<p>&nbsp;<\/p>\n<p><strong>\u201cOjal\u00e1 que la semana pr\u00f3xima o la otra consigamos ya un lugar f\u00edsico\u201d<\/strong>, se ilusion\u00f3 y agreg\u00f3 que \u201calguna sociedad de fomento, alguien que nos quiera tener, nosotros vamos a poder colaborar con ellos tambi\u00e9n, podemos hacer muchas cosas, tenemos mucha actividad. Espacios f\u00edsicos que est\u00e1n parados, nosotros podemos trabajar con eso\u201d. Quien quiera ayudar, adem\u00e1s de acercarse a la direcci\u00f3n mencionada previamente, <strong>se puede comunicar a los n\u00fameros 15586656 o al fijo 414740.<\/strong> \u201cNo va a pasar mucho que alguien nos va a decir que tiene un lugar\u201d, finaliz\u00f3.<\/p>\n","protected":false},"excerpt":{"rendered":"<p>En la tarde de este viernes la entidad abandon\u00f3 definitivamente la tradicional sede que ten\u00edan en fomento Pueblo Nuevo. \u201cOjal\u00e1<\/p>\n","protected":false},"author":3,"featured_media":38494,"comment_status":"closed","ping_status":"closed","sticky":false,"template":"","format":"standard","meta":{"_jetpack_memberships_contains_paid_content":false,"footnotes":""},"categories":[5,1],"tags":[],"class_list":["post-38489","post","type-post","status-publish","format-standard","has-post-thumbnail","hentry","category-informacion-general","category-portada"],"jetpack_featured_media_url":"https:\/\/i0.wp.com\/cdnoticias.com\/wp-content\/uploads\/2021\/11\/Leguizamon-Red-Solidaria.jpg?fit=800%2C445&ssl=1","jetpack_sharing_enabled":true,"_links":{"self":[{"href":"https:\/\/cdnoticias.com\/index.php\/wp-json\/wp\/v2\/posts\/38489","targetHints":{"allow":["GET"]}}],"collection":[{"href":"https:\/\/cdnoticias.com\/index.php\/wp-json\/wp\/v2\/posts"}],"about":[{"href":"https:\/\/cdnoticias.com\/index.php\/wp-json\/wp\/v2\/types\/post"}],"author":[{"embeddable":true,"href":"https:\/\/cdnoticias.com\/index.php\/wp-json\/wp\/v2\/users\/3"}],"replies":[{"embeddable":true,"href":"https:\/\/cdnoticias.com\/index.php\/wp-json\/wp\/v2\/comments?post=38489"}],"version-history":[{"count":0,"href":"https:\/\/cdnoticias.com\/index.php\/wp-json\/wp\/v2\/posts\/38489\/revisions"}],"wp:featuredmedia":[{"embeddable":true,"href":"https:\/\/cdnoticias.com\/index.php\/wp-json\/wp\/v2\/media\/38494"}],"wp:attachment":[{"href":"https:\/\/cdnoticias.com\/index.php\/wp-json\/wp\/v2\/media?parent=38489"}],"wp:term":[{"taxonomy":"category","embeddable":true,"href":"https:\/\/cdnoticias.com\/index.php\/wp-json\/wp\/v2\/categories?post=38489"},{"taxonomy":"post_tag","embeddable":true,"href":"https:\/\/cdnoticias.com\/index.php\/wp-json\/wp\/v2\/tags?post=38489"}],"curies":[{"name":"wp","href":"https:\/\/api.w.org\/{rel}","templated":true}]}}