{"id":38479,"date":"2021-11-12T15:20:46","date_gmt":"2021-11-12T18:20:46","guid":{"rendered":"http:\/\/www.centraldenoticias.com.ar\/?p=38479"},"modified":"2021-11-12T15:21:52","modified_gmt":"2021-11-12T18:21:52","slug":"el-proximo-lunes-15-no-habra-atencion-en-pami","status":"publish","type":"post","link":"https:\/\/cdnoticias.com\/index.php\/2021\/11\/12\/el-proximo-lunes-15-no-habra-atencion-en-pami\/","title":{"rendered":"El pr\u00f3ximo lunes 15 no habr\u00e1 atenci\u00f3n en PAMI"},"content":{"rendered":"<p>Se debe a la conmemoraci\u00f3n del d\u00eda del trabajador y la trabajadora de la obra social. La atenci\u00f3n se retomar\u00e1 el 16.<\/p>\n<p><!--more--><\/p>\n<hr \/>\n<p>Desde el PAMI informaron a los afiliados de la obra social, que <strong>el d\u00eda lunes 15 de noviembre permanecer\u00e1n cerradas las sedes del pa\u00eds, as\u00ed como tambi\u00e9n la agencia de nuestra ciudad.<\/strong><\/p>\n<p>&nbsp;<\/p>\n<p>El cierre se enmarca en la conmemoraci\u00f3n del <strong>\u201cD\u00eda del trabajador y la trabajadora de PAMI\u201d.<\/strong><\/p>\n<p>&nbsp;<\/p>\n<p>Por consultas, podr\u00e1n comunicarse al n\u00famero <strong>138.<\/strong><\/p>\n<p>&nbsp;<\/p>\n<p>La atenci\u00f3n <strong>se retomar\u00e1 el martes 16 de noviembre<\/strong>, en los horarios habituales.<\/p>\n","protected":false},"excerpt":{"rendered":"<p>Se debe a la conmemoraci\u00f3n del d\u00eda del trabajador y la trabajadora de la obra social. La atenci\u00f3n se retomar\u00e1<\/p>\n","protected":false},"author":5,"featured_media":3918,"comment_status":"closed","ping_status":"closed","sticky":false,"template":"","format":"standard","meta":{"_jetpack_memberships_contains_paid_content":false,"footnotes":""},"categories":[5,1],"tags":[],"class_list":["post-38479","post","type-post","status-publish","format-standard","has-post-thumbnail","hentry","category-informacion-general","category-portada"],"jetpack_featured_media_url":"https:\/\/i0.wp.com\/cdnoticias.com\/wp-content\/uploads\/2020\/10\/pami-general.jpg?fit=800%2C531&ssl=1","jetpack_sharing_enabled":true,"_links":{"self":[{"href":"https:\/\/cdnoticias.com\/index.php\/wp-json\/wp\/v2\/posts\/38479","targetHints":{"allow":["GET"]}}],"collection":[{"href":"https:\/\/cdnoticias.com\/index.php\/wp-json\/wp\/v2\/posts"}],"about":[{"href":"https:\/\/cdnoticias.com\/index.php\/wp-json\/wp\/v2\/types\/post"}],"author":[{"embeddable":true,"href":"https:\/\/cdnoticias.com\/index.php\/wp-json\/wp\/v2\/users\/5"}],"replies":[{"embeddable":true,"href":"https:\/\/cdnoticias.com\/index.php\/wp-json\/wp\/v2\/comments?post=38479"}],"version-history":[{"count":0,"href":"https:\/\/cdnoticias.com\/index.php\/wp-json\/wp\/v2\/posts\/38479\/revisions"}],"wp:featuredmedia":[{"embeddable":true,"href":"https:\/\/cdnoticias.com\/index.php\/wp-json\/wp\/v2\/media\/3918"}],"wp:attachment":[{"href":"https:\/\/cdnoticias.com\/index.php\/wp-json\/wp\/v2\/media?parent=38479"}],"wp:term":[{"taxonomy":"category","embeddable":true,"href":"https:\/\/cdnoticias.com\/index.php\/wp-json\/wp\/v2\/categories?post=38479"},{"taxonomy":"post_tag","embeddable":true,"href":"https:\/\/cdnoticias.com\/index.php\/wp-json\/wp\/v2\/tags?post=38479"}],"curies":[{"name":"wp","href":"https:\/\/api.w.org\/{rel}","templated":true}]}}