{"id":38458,"date":"2021-11-12T10:55:36","date_gmt":"2021-11-12T13:55:36","guid":{"rendered":"http:\/\/www.centraldenoticias.com.ar\/?p=38458"},"modified":"2021-11-12T10:55:36","modified_gmt":"2021-11-12T13:55:36","slug":"desde-el-momento-en-que-ingresan-los-y-las-estudiantes-pueden-participar-de-trabajos-de-campo-y-laboratorio","status":"publish","type":"post","link":"https:\/\/cdnoticias.com\/index.php\/2021\/11\/12\/desde-el-momento-en-que-ingresan-los-y-las-estudiantes-pueden-participar-de-trabajos-de-campo-y-laboratorio\/","title":{"rendered":"\u201cDesde el momento en que ingresan, los y las estudiantes pueden participar de trabajos de campo y laboratorio\u201d"},"content":{"rendered":"<p>La Dra. Mar\u00eda Clara \u00c1lvarez, docente e investigadora de la Facultad de Ciencias Sociales y el INCUAPA, repas\u00f3 las distintas \u00e1reas de trabajo abordadas en la carrera de Arqueolog\u00eda en la FACSO e invit\u00f3 a la comunidad a visitar la Facultad y el laboratorio.<!--more--><\/p>\n<hr \/>\n<p>Una de las carreras de grado que ofrece la Facultad de Ciencias Sociales es la de <strong>Arqueolog\u00eda, disciplina dedicada \u201cal estudio de las sociedades humanas del pasado, a partir de los restos materiales que dejaron\u201d<\/strong>, seg\u00fan describi\u00f3 en breves palabras la <strong>Dra. Mar\u00eda Clara \u00c1lvarez<\/strong>.<\/p>\n<p>&nbsp;<\/p>\n<p>La docente de la FACSO compar\u00f3 a la Arqueolog\u00eda con la Historia, y analiz\u00f3 que esta \u00faltima &#8220;se basa m\u00e1s en fuentes escritas. Nosotros <strong>estudiamos a los seres humanos a partir de los restos materiales<\/strong> y esto nos abre, adem\u00e1s de a la investigaci\u00f3n, a much\u00edsimos campos de estudio y aplicaci\u00f3n&#8221;.<\/p>\n<p>&nbsp;<\/p>\n<p>La Dra. \u00c1lvarez agreg\u00f3 que &#8220;la historia nos cuenta justamente una historia narrada desde las subjetividades, escrita muchas veces por los vencedores; en tanto que la arqueolog\u00eda nos habla desde los objetos, desde lo material; entonces <strong>va construyendo un pasado desde m\u00faltiples l\u00edneas, que puede ser m\u00e1s imparcial o recuperar otras voces<\/strong>&#8220;.<\/p>\n<p>&nbsp;<\/p>\n<p>La <strong>oferta acad\u00e9mica de la FACSO<\/strong> para el ciclo lectivo 2022 incluye las carreras de grado de <em>Periodismo, Licenciatura en Comunicaci\u00f3n Social, Licenciatura en Antropolog\u00eda orientaci\u00f3n Social, Licenciatura en Antropolog\u00eda orientaci\u00f3n Arqueolog\u00eda, Profesorado de Comunicaci\u00f3n Social y Profesorado de Antropolog\u00eda<\/em>. <a href=\"https:\/\/www.soc.unicen.edu.ar\/index.php\/ingresantes\/inscripcion2022\" target=\"_blank\" rel=\"noopener\">Quienes est\u00e9n interesados\/as en inscribirse puede hacerlo aqu\u00ed.<\/a><\/p>\n<p>&nbsp;<\/p>\n<p><span style=\"text-decoration: underline;\"><strong>Investigaci\u00f3n y pr\u00e1ctica<\/strong><\/span><\/p>\n<p>&nbsp;<\/p>\n<p>La investigadora de la FACSO indic\u00f3 que la carrera de Arqueolog\u00eda ofrece \u201cuna gran apertura de diversas posibilidades, como insertarse en el \u00e1mbito de <strong>la investigaci\u00f3n, en la docencia, en proyectos vinculados con el patrimonio, los derechos humanos o los estudios de impacto<\/strong>\u201d. Agreg\u00f3 que una de las ramas m\u00e1s fuertes en la FACSO es el desarrollo en investigaci\u00f3n a trav\u00e9s de la Unidad Ejecutora INCUAPA (CONICET &#8211; UNICEN).<\/p>\n<p>&nbsp;<\/p>\n<p><strong>Las investigaciones se focalizan en la regi\u00f3n pampeana<\/strong>, pero tambi\u00e9n se realizan proyectos en otras zonas, como la Patagonia o Cuyo. Las l\u00edneas de investigaci\u00f3n abarcan tem\u00e1ticas muy diversas, que incluyen desde los modos de vida de cazadores-recolectores durante el poblamiento de la regi\u00f3n cerca de 12 mil a\u00f1os atr\u00e1s, hasta el estudio de fuertes y fortines de momentos de la conquista. Por otra parte, las especialidades abarcan el estudio de distintos restos como la alfarer\u00eda, los huesos y los artefactos de piedra, entre muchos otros.<\/p>\n<p>&nbsp;<\/p>\n<blockquote><p>La Dra. \u00c1lvarez destac\u00f3 que &#8220;una gran ventaja de nuestra Facultad es que, desde el momento del ingreso, los estudiantes pueden participar de trabajos de campo y laboratorio. Como somos una facultad peque\u00f1a hay much\u00edsimo contacto entre investigadores y alumnos, el laboratorio es abierto y constituye un punto de encuentro al cual pueden acceder cuando quieran. De hecho, hay estudiantes de primer a\u00f1o que hoy en d\u00eda est\u00e1n yendo al campo y participando en proyectos y una vez que definan sus intereses, pueden insertarse en cualquiera de los grupos de investigaci\u00f3n&#8221;.<\/p><\/blockquote>\n<p>&nbsp;<\/p>\n<p>Por \u00faltimo, invit\u00f3 a interesados e interesadas a inscribirse a la carrera y al p\u00fablico a <strong>&#8220;acercarse y conocer el laboratorio, las puertas siempre est\u00e1n abiertas<\/strong> para contarles con m\u00e1s detalle lo que hacemos, mostr\u00e1ndoles materiales y brindando informaci\u00f3n sobre nuestras actividades en investigaci\u00f3n, docencia y extensi\u00f3n&#8221;.<\/p>\n","protected":false},"excerpt":{"rendered":"<p>La Dra. Mar\u00eda Clara \u00c1lvarez, docente e investigadora de la Facultad de Ciencias Sociales y el INCUAPA, repas\u00f3 las distintas<\/p>\n","protected":false},"author":2,"featured_media":38459,"comment_status":"closed","ping_status":"closed","sticky":false,"template":"","format":"standard","meta":{"_jetpack_memberships_contains_paid_content":false,"footnotes":""},"categories":[5,1],"tags":[],"class_list":["post-38458","post","type-post","status-publish","format-standard","has-post-thumbnail","hentry","category-informacion-general","category-portada"],"jetpack_featured_media_url":"https:\/\/i0.wp.com\/cdnoticias.com\/wp-content\/uploads\/2021\/11\/Maria-Clara-Alvarez.jpg?fit=800%2C457&ssl=1","jetpack_sharing_enabled":true,"_links":{"self":[{"href":"https:\/\/cdnoticias.com\/index.php\/wp-json\/wp\/v2\/posts\/38458","targetHints":{"allow":["GET"]}}],"collection":[{"href":"https:\/\/cdnoticias.com\/index.php\/wp-json\/wp\/v2\/posts"}],"about":[{"href":"https:\/\/cdnoticias.com\/index.php\/wp-json\/wp\/v2\/types\/post"}],"author":[{"embeddable":true,"href":"https:\/\/cdnoticias.com\/index.php\/wp-json\/wp\/v2\/users\/2"}],"replies":[{"embeddable":true,"href":"https:\/\/cdnoticias.com\/index.php\/wp-json\/wp\/v2\/comments?post=38458"}],"version-history":[{"count":0,"href":"https:\/\/cdnoticias.com\/index.php\/wp-json\/wp\/v2\/posts\/38458\/revisions"}],"wp:featuredmedia":[{"embeddable":true,"href":"https:\/\/cdnoticias.com\/index.php\/wp-json\/wp\/v2\/media\/38459"}],"wp:attachment":[{"href":"https:\/\/cdnoticias.com\/index.php\/wp-json\/wp\/v2\/media?parent=38458"}],"wp:term":[{"taxonomy":"category","embeddable":true,"href":"https:\/\/cdnoticias.com\/index.php\/wp-json\/wp\/v2\/categories?post=38458"},{"taxonomy":"post_tag","embeddable":true,"href":"https:\/\/cdnoticias.com\/index.php\/wp-json\/wp\/v2\/tags?post=38458"}],"curies":[{"name":"wp","href":"https:\/\/api.w.org\/{rel}","templated":true}]}}