{"id":38456,"date":"2021-11-12T10:14:10","date_gmt":"2021-11-12T13:14:10","guid":{"rendered":"http:\/\/www.centraldenoticias.com.ar\/?p=38456"},"modified":"2021-11-12T10:14:10","modified_gmt":"2021-11-12T13:14:10","slug":"covid-segundo-dia-de-terceras-dosis-con-1154-vacunas-aplicadas","status":"publish","type":"post","link":"https:\/\/cdnoticias.com\/index.php\/2021\/11\/12\/covid-segundo-dia-de-terceras-dosis-con-1154-vacunas-aplicadas\/","title":{"rendered":"Covid: segundo d\u00eda de terceras dosis con 1154 vacunas aplicadas"},"content":{"rendered":"<p>En total, 1477 personas asistieron el jueves a los centros de vacunaci\u00f3n de Olavarr\u00eda. Llegada a Blanca Grande y Recalde. Tambi\u00e9n sigui\u00f3 la campa\u00f1a en escuelas: EGB N\u00b015, Colegio C\u00e1neva y EP N\u00b068 tuvieron a los vacunadores.<!--more--><\/p>\n<hr \/>\n<p>En la jornada de este jueves <strong>se aplicaron 249 dosis contra el Covid-19 a menores<\/strong> de 3 a 17 de edad, sobre <strong>un total de 1477 personas vacunadas<\/strong>.<\/p>\n<p>&nbsp;<\/p>\n<p>Desde la <strong>Regi\u00f3n Sanitaria IX<\/strong> se detall\u00f3 que <strong>en el Centro Cultural Universitario<\/strong>\u00a0aplicaron 448 dosis de las cuales 2 corresponden a primeras dosis en mayores de 18 a\u00f1os, 10 adultos recibieron segunda dosis, y 435 vecinos y vecinas recibieron tercera dosis.<\/p>\n<p>&nbsp;<\/p>\n<p>En el <strong>Servicio Territorial N\u00b02<\/strong> fueron 497 las personas vacunadas, de ellas 8 corresponden a primeras dosis en adultos, 31 primeras dosis en menores de 3 a 11 a\u00f1os, 36 primeras dosis en la franja etaria de 12 a 17 a\u00f1os, 5 segundas dosis en adultos, 29 aplicaciones de segundas dosis a ni\u00f1as y ni\u00f1os de 12 a 17, 43 segundo componente a menores de 3 a 11 a\u00f1os y 345 adultos fueron inoculados con terceras dosis.<\/p>\n<p>&nbsp;<\/p>\n<p><img data-recalc-dims=\"1\" loading=\"lazy\" decoding=\"async\" class=\"size-large wp-image-25869 aligncenter\" src=\"https:\/\/i0.wp.com\/cdnoticias.com\/wp-content\/uploads\/2021\/07\/WhatsApp-Image-2021-07-05-at-20.15.29.jpeg?resize=800%2C530&#038;ssl=1\" alt=\"\" width=\"800\" height=\"530\" srcset=\"https:\/\/i0.wp.com\/cdnoticias.com\/wp-content\/uploads\/2021\/07\/WhatsApp-Image-2021-07-05-at-20.15.29.jpeg?resize=1024%2C678&amp;ssl=1 1024w, https:\/\/i0.wp.com\/cdnoticias.com\/wp-content\/uploads\/2021\/07\/WhatsApp-Image-2021-07-05-at-20.15.29.jpeg?resize=300%2C199&amp;ssl=1 300w, https:\/\/i0.wp.com\/cdnoticias.com\/wp-content\/uploads\/2021\/07\/WhatsApp-Image-2021-07-05-at-20.15.29.jpeg?resize=768%2C508&amp;ssl=1 768w, https:\/\/i0.wp.com\/cdnoticias.com\/wp-content\/uploads\/2021\/07\/WhatsApp-Image-2021-07-05-at-20.15.29.jpeg?w=1280&amp;ssl=1 1280w\" sizes=\"auto, (max-width: 800px) 100vw, 800px\" \/><\/p>\n<p>&nbsp;<\/p>\n<p>En la <strong>Facultad de Ciencias de la Salud<\/strong> se inocularon 392 personas de las cuales 12 fueron adultos que recibieron primer componente, 6 menores de 3 a 11 a\u00f1os con primeras dosis, 12 mayores de 18 a\u00f1os fueron vacunados con segundas dosis, 3 menores de 3 a 11 a\u00f1os recibieron segundo componente, y 359 adultos se inocularon con terceras dosis.<\/p>\n<p>&nbsp;<\/p>\n<p>En simult\u00e1neo se inocul\u00f3 en diferentes instituciones educativas de la localidad: <strong>en la EGB N\u00b015 \u201cEstanislao del Campo\u201d<\/strong> se aplicaron 15 primeras dosis a ni\u00f1as y ni\u00f1os de 3 a 11 a\u00f1os; <strong>en el Colegio \u201cMonse\u00f1or C\u00e9sar C\u00e1neva\u201d<\/strong> se vacunaron 10 estudiantes de la misma franja etaria con primer componente; y en la <strong>EP N\u00b068 \u201cProvincia de Corrientes\u201d<\/strong> se inocularon 3 menores de 3 a 11 a\u00f1os y 1 de 12 a 17 con primeras dosis.<\/p>\n<p>&nbsp;<\/p>\n<p><img data-recalc-dims=\"1\" loading=\"lazy\" decoding=\"async\" class=\"size-full wp-image-37856 aligncenter\" src=\"https:\/\/i0.wp.com\/cdnoticias.com\/wp-content\/uploads\/2021\/11\/vacunacion-en-escuelas-02a.jpg?resize=800%2C445&#038;ssl=1\" alt=\"\" width=\"800\" height=\"445\" srcset=\"https:\/\/i0.wp.com\/cdnoticias.com\/wp-content\/uploads\/2021\/11\/vacunacion-en-escuelas-02a.jpg?w=800&amp;ssl=1 800w, https:\/\/i0.wp.com\/cdnoticias.com\/wp-content\/uploads\/2021\/11\/vacunacion-en-escuelas-02a.jpg?resize=300%2C167&amp;ssl=1 300w, https:\/\/i0.wp.com\/cdnoticias.com\/wp-content\/uploads\/2021\/11\/vacunacion-en-escuelas-02a.jpg?resize=768%2C427&amp;ssl=1 768w\" sizes=\"auto, (max-width: 800px) 100vw, 800px\" \/><\/p>\n<p>&nbsp;<\/p>\n<p>En paralelo <strong>el vacunatorio itinerante<\/strong> se traslad\u00f3 hasta las localidades: <strong>en Blanca Grande<\/strong> se aplicaron 16 primeras dosis a ni\u00f1as y ni\u00f1os de 3 a 11 a\u00f1os, 6 segundas dosis en la misma franja etaria, 16 primer componente en menores de 12 a 17 a\u00f1os, 3 aplicaciones de segundas dosis al mismo grupo de j\u00f3venes, y en mayores de 18 a\u00f1os se vacunaron 2 con primeras dosis, 1 con segundo componente y 12 terceras dosis.<\/p>\n<p>&nbsp;<\/p>\n<p><strong>En Recalde<\/strong> se aplicaron 17 primeras dosis a menores de 3 a 11 a\u00f1os, 11 primer componente a j\u00f3venes de 12 a 17, 2 segundos componentes a menores de la misma franja etaria, 22 segundas dosis a mayores de 18 a\u00f1os y 3 vecinas y vecinos recibieron tercera dosis.<\/p>\n<p>&nbsp;<\/p>\n<p>Adem\u00e1s, <strong>sigue desarroll\u00e1ndose la vacunaci\u00f3n libre de primeras y segundas dosis para mayores de 18 a\u00f1os<\/strong> que acrediten domicilio en la localidad present\u00e1ndose con su DNI en cualquiera de las postas de vacunaci\u00f3n (como toda segunda dosis libre, se debe cumplir el plazo estipulado entre vacunas).<\/p>\n<p>&nbsp;<\/p>\n<p>A la par, recordamos que para obtener el <strong>turno de vacunaci\u00f3n a ni\u00f1os y ni\u00f1as de entre 3 y 11 a\u00f1os<\/strong>, se deber\u00e1n inscribir al igual que los menores de 12 a 17, a trav\u00e9s del sitio web www.vacunatepba.gba.gob.ar . Adem\u00e1s, se habilit\u00f3 la primera dosis libre para mayores de 12 con enfermedades preexistentes.<\/p>\n<p>&nbsp;<\/p>\n<p><img data-recalc-dims=\"1\" loading=\"lazy\" decoding=\"async\" class=\"size-full wp-image-31107 aligncenter\" src=\"https:\/\/i0.wp.com\/cdnoticias.com\/wp-content\/uploads\/2021\/08\/Hisopado800x445.jpg?resize=800%2C444&#038;ssl=1\" alt=\"\" width=\"800\" height=\"444\" srcset=\"https:\/\/i0.wp.com\/cdnoticias.com\/wp-content\/uploads\/2021\/08\/Hisopado800x445.jpg?w=800&amp;ssl=1 800w, https:\/\/i0.wp.com\/cdnoticias.com\/wp-content\/uploads\/2021\/08\/Hisopado800x445.jpg?resize=300%2C167&amp;ssl=1 300w, https:\/\/i0.wp.com\/cdnoticias.com\/wp-content\/uploads\/2021\/08\/Hisopado800x445.jpg?resize=768%2C426&amp;ssl=1 768w\" sizes=\"auto, (max-width: 800px) 100vw, 800px\" \/><\/p>\n<p>&nbsp;<\/p>\n<p>En cuanto a las actividades preventivas que se realizan<strong> en el Centro Provincial de Testeos<\/strong> que funciona en las instalaciones del Club El Fort\u00edn (Urquiza 2980), de lunes a viernes de 8 a 12 hs, este jueves se realizaron <strong>13 hisopados<\/strong> a personas que se presentaron de manera espont\u00e1nea, de las cuales ninguno result\u00f3 positivo.<\/p>\n<p>&nbsp;<\/p>\n<p>Cualquier duda o consulta, podr\u00e1n acercarse a cualquiera de las tres postas: Servicio Territorial N\u00b02, Av. Alberdi 2543, de 8 a 18 hs; Facultad de Ciencias de la Salud, Merlo entre Av. Pringles y 9 de julio, de 8 a 18 hs, y en el Centro Cultural Universitario, San Martin 1955, de 8 a 18 hs.<\/p>\n","protected":false},"excerpt":{"rendered":"<p>En total, 1477 personas asistieron el jueves a los centros de vacunaci\u00f3n de Olavarr\u00eda. Llegada a Blanca Grande y Recalde.<\/p>\n","protected":false},"author":4,"featured_media":16488,"comment_status":"closed","ping_status":"closed","sticky":false,"template":"","format":"standard","meta":{"_jetpack_memberships_contains_paid_content":false,"footnotes":""},"categories":[16,1],"tags":[],"class_list":["post-38456","post","type-post","status-publish","format-standard","has-post-thumbnail","hentry","category-covid-19","category-portada"],"jetpack_featured_media_url":"https:\/\/i0.wp.com\/cdnoticias.com\/wp-content\/uploads\/2021\/03\/DIB-sputnik_v_se_inicia_la_vacunacion_al_personal_de_salud_del_hospital_churruca-visca-631x420.jpeg?fit=631%2C420&ssl=1","jetpack_sharing_enabled":true,"_links":{"self":[{"href":"https:\/\/cdnoticias.com\/index.php\/wp-json\/wp\/v2\/posts\/38456","targetHints":{"allow":["GET"]}}],"collection":[{"href":"https:\/\/cdnoticias.com\/index.php\/wp-json\/wp\/v2\/posts"}],"about":[{"href":"https:\/\/cdnoticias.com\/index.php\/wp-json\/wp\/v2\/types\/post"}],"author":[{"embeddable":true,"href":"https:\/\/cdnoticias.com\/index.php\/wp-json\/wp\/v2\/users\/4"}],"replies":[{"embeddable":true,"href":"https:\/\/cdnoticias.com\/index.php\/wp-json\/wp\/v2\/comments?post=38456"}],"version-history":[{"count":0,"href":"https:\/\/cdnoticias.com\/index.php\/wp-json\/wp\/v2\/posts\/38456\/revisions"}],"wp:featuredmedia":[{"embeddable":true,"href":"https:\/\/cdnoticias.com\/index.php\/wp-json\/wp\/v2\/media\/16488"}],"wp:attachment":[{"href":"https:\/\/cdnoticias.com\/index.php\/wp-json\/wp\/v2\/media?parent=38456"}],"wp:term":[{"taxonomy":"category","embeddable":true,"href":"https:\/\/cdnoticias.com\/index.php\/wp-json\/wp\/v2\/categories?post=38456"},{"taxonomy":"post_tag","embeddable":true,"href":"https:\/\/cdnoticias.com\/index.php\/wp-json\/wp\/v2\/tags?post=38456"}],"curies":[{"name":"wp","href":"https:\/\/api.w.org\/{rel}","templated":true}]}}