{"id":38444,"date":"2021-11-12T09:22:05","date_gmt":"2021-11-12T12:22:05","guid":{"rendered":"http:\/\/www.centraldenoticias.com.ar\/?p=38444"},"modified":"2021-11-12T09:22:05","modified_gmt":"2021-11-12T12:22:05","slug":"extienden-las-licencias-parentales-a-trabajadores-estatales-bonaerenses","status":"publish","type":"post","link":"https:\/\/cdnoticias.com\/index.php\/2021\/11\/12\/extienden-las-licencias-parentales-a-trabajadores-estatales-bonaerenses\/","title":{"rendered":"Extienden las licencias parentales a trabajadores estatales bonaerenses"},"content":{"rendered":"<p>Es uno de los primeros sectores en extender los d\u00edas: para personas gestantes ser\u00e1n 135 d\u00edas y sus parejas pasar\u00e1n de 3 a 15 d\u00edas.\u00a0<!--more--><\/p>\n<hr \/>\n<p>El <strong>Ministerio de Trabajo bonaerense convoc\u00f3 a los gremios<\/strong> de trabajadores estatales enrolados en las leyes 10.430 y 10.471 al primer acuerdo general sobre condiciones de trabajo para estatales bonaerense,<strong> focalizado en un nuevo r\u00e9gimen de licencias parentales, que busca reducir las desigualdades de g\u00e9nero.<\/strong><\/p>\n<p>&nbsp;<\/p>\n<p>El acuerdo plantea una <strong>perspectiva de equidad de g\u00e9nero, derechos de la ni\u00f1ez, interseccionalidad y no discriminaci\u00f3n<\/strong>, motivo por el cual se privilegia el uso del t\u00e9rmino <em>\u201clicencias parentales\u201d<\/em> en vez de licencias <em>\u201cpor maternidad\u201d<\/em> o <em>\u201cpor paternidad\u201d.<\/em><\/p>\n<p>&nbsp;<\/p>\n<p>Entre los principales cambios, la medida fija que <strong>las personas gestantes contar\u00e1n con una nueva licencia por cuidado del reci\u00e9n nacido de 45 d\u00edas, que se suma a la de 90 d\u00edas con la que ya contaban. Asimismo, se podr\u00e1 optar por utilizar, compartir o fraccionar con su corresponsable parental, quienes, adem\u00e1s, pasar\u00e1n de tener una licencia de tres d\u00edas a una de 15.<\/strong><\/p>\n<p>&nbsp;<\/p>\n<p>Con el objetivo de<em> \u201creconocer y otorgar derechos para los distintos tipos de conformaciones familiares que existen, a la vez de contemplar una serie de vicisitudes en la vida personal y familiar que no encontraban lugar en las leyes vigentes\u201d<\/em>, tambi\u00e9n se incorporan otros cambios como licencias por adopci\u00f3n m\u00e1s extensas para lograr el fortalecimiento de los v\u00ednculos con la nueva familia. <strong>Y se contemplan licencias de nacimiento de ni\u00f1o o ni\u00f1a con discapacidad de hasta 180 d\u00edas corridos.<\/strong><\/p>\n<p>&nbsp;<\/p>\n<p>Adem\u00e1s<strong>, se buscar\u00e1n modificar otras licencias especiales<\/strong>, como la de<strong> adopci\u00f3n<\/strong> que pasa de 90 d\u00edas a un per\u00edodo de entre 120 y 180 d\u00edas, seg\u00fan edad la edad del ni\u00f1o o ni\u00f1a; <strong>Licencia por causa o asuntos particulares<\/strong> pasa de 5 a 6 d\u00edas; <strong>Licencia por fallecimiento del corresponsable parental<\/strong> de pasa de 2 o 3 d\u00edas a un per\u00edodo de 1 a 3 meses, seg\u00fan la edad del hijo o hija menor de edad); A la <strong>licencia por atenci\u00f3n de familiar enfermo<\/strong> se le adiciona otro per\u00edodo de 15 d\u00edas a los 20 que ya estaban estipulados y finalmente<strong> pasar\u00eda a contemplarse la licencia por adaptaci\u00f3n escolar.<\/strong><\/p>\n","protected":false},"excerpt":{"rendered":"<p>Es uno de los primeros sectores en extender los d\u00edas: para personas gestantes ser\u00e1n 135 d\u00edas y sus parejas pasar\u00e1n<\/p>\n","protected":false},"author":2,"featured_media":38450,"comment_status":"closed","ping_status":"closed","sticky":false,"template":"","format":"standard","meta":{"_jetpack_memberships_contains_paid_content":false,"footnotes":""},"categories":[3,1],"tags":[],"class_list":["post-38444","post","type-post","status-publish","format-standard","has-post-thumbnail","hentry","category-genero","category-portada"],"jetpack_featured_media_url":"https:\/\/i0.wp.com\/cdnoticias.com\/wp-content\/uploads\/2021\/11\/embarazada.jpeg?fit=950%2C475&ssl=1","jetpack_sharing_enabled":true,"_links":{"self":[{"href":"https:\/\/cdnoticias.com\/index.php\/wp-json\/wp\/v2\/posts\/38444","targetHints":{"allow":["GET"]}}],"collection":[{"href":"https:\/\/cdnoticias.com\/index.php\/wp-json\/wp\/v2\/posts"}],"about":[{"href":"https:\/\/cdnoticias.com\/index.php\/wp-json\/wp\/v2\/types\/post"}],"author":[{"embeddable":true,"href":"https:\/\/cdnoticias.com\/index.php\/wp-json\/wp\/v2\/users\/2"}],"replies":[{"embeddable":true,"href":"https:\/\/cdnoticias.com\/index.php\/wp-json\/wp\/v2\/comments?post=38444"}],"version-history":[{"count":0,"href":"https:\/\/cdnoticias.com\/index.php\/wp-json\/wp\/v2\/posts\/38444\/revisions"}],"wp:featuredmedia":[{"embeddable":true,"href":"https:\/\/cdnoticias.com\/index.php\/wp-json\/wp\/v2\/media\/38450"}],"wp:attachment":[{"href":"https:\/\/cdnoticias.com\/index.php\/wp-json\/wp\/v2\/media?parent=38444"}],"wp:term":[{"taxonomy":"category","embeddable":true,"href":"https:\/\/cdnoticias.com\/index.php\/wp-json\/wp\/v2\/categories?post=38444"},{"taxonomy":"post_tag","embeddable":true,"href":"https:\/\/cdnoticias.com\/index.php\/wp-json\/wp\/v2\/tags?post=38444"}],"curies":[{"name":"wp","href":"https:\/\/api.w.org\/{rel}","templated":true}]}}