{"id":38439,"date":"2021-11-12T08:41:52","date_gmt":"2021-11-12T11:41:52","guid":{"rendered":"http:\/\/www.centraldenoticias.com.ar\/?p=38439"},"modified":"2021-11-12T09:47:14","modified_gmt":"2021-11-12T12:47:14","slug":"comenzo-la-veda-electoral-para-las-elecciones-legislativas-del-domingo","status":"publish","type":"post","link":"https:\/\/cdnoticias.com\/index.php\/2021\/11\/12\/comenzo-la-veda-electoral-para-las-elecciones-legislativas-del-domingo\/","title":{"rendered":"Comenz\u00f3 la veda electoral para las elecciones legislativas del domingo"},"content":{"rendered":"<p>A partir de este viernes 12 de noviembre a las 8 de la ma\u00f1ana, empez\u00f3 a regir el per\u00edodo de restricciones que se extender\u00e1 hasta tres horas despu\u00e9s de cerradas las mesas de votaci\u00f3n.<!--more--><\/p>\n<hr \/>\n<p><strong>La veda electoral, un per\u00edodo establecido por ley con algunas restricciones en vista a la votaci\u00f3n, comenz\u00f3 este viernes a las 8<\/strong>, 48 horas antes de la apertura de los comicios legislativos del domingo 14 y hasta tres horas despu\u00e9s de finalizadas las votaciones.<\/p>\n<p>&nbsp;<\/p>\n<p>Durante este lapso de tiempo, <strong>el C\u00f3digo Nacional Electoral proh\u00edbe una serie de acciones<\/strong> tanto para los candidatos y sus partidos, como para los ciudadanos. El punto fundamental de este per\u00edodo tiene como finalidad <strong>lograr el silencio electoral<\/strong> ya que no se permiten realizar actos ni propagandas pol\u00edticas.<\/p>\n<p>&nbsp;<\/p>\n<p>Seg\u00fan se destaca en el <strong>art\u00edculo 71 del C\u00f3digo Nacional Electoral<\/strong>, hay ciertas actividades que est\u00e1n prohibidas para los candidatos y para los votantes: <em>realizar actos p\u00fablicos de campa\u00f1a y proselitismo electoral; ofrecer o entregar a los electores boletas de sufragio dentro de un radio de ochenta metros (80 m.) de las mesas receptoras de votos, contados sobre la calzada, calle o camino: publicar y difundir encuestas o sondeos preelectorales: la venta de bebidas alcoh\u00f3licas (prohibida desde las 20 horas del s\u00e1bado hasta las 21 del domingo)<\/em>.<\/p>\n<p>&nbsp;<\/p>\n<p>Asimismo, los <strong>espect\u00e1culos populares al aire libre o en recintos cerrados<\/strong> y toda clase de <strong>reuniones p\u00fablicas<\/strong> que no se refieran al acto electoral; prohibici\u00f3n de portar armas y desde el viernes y durante el d\u00eda de la votaci\u00f3n estar\u00e1 prohibido portar banderas, distintivos o insignias partidaria.<\/p>\n<p>&nbsp;<\/p>\n<p>Minutos antes de las 8, en tanto,<strong> algunos dirigentes se expresaron en sus redes sociales para dar un \u00faltimo mensaje de cara a los comicios<\/strong>.<em> \u201cEste domingo tenemos la posibilidad de decidir el futuro que queremos. Una provincia para pocos o una provincia que no deje a nadie afuera, que se desarrolle y que brinde oportunidades para que todos y todas puedan crecer\u201d<\/em>, escribi\u00f3<strong> el gobernador<\/strong> <strong>Axel Kicillof<\/strong> en su cuenta de Twitter.<\/p>\n<p>&nbsp;<\/p>\n<p><em>\u201cEste domingo tenemos la oportunidad de poner en el Congreso un bloque de diputados que puede ponerle un l\u00edmite a los atropellos del Gobierno y discutir los temas que te importan a vos\u201d<\/em>, public\u00f3 por su parte, <strong>Diego Santilli, el principal candidato de la lista de Juntos<\/strong> en la provincia de Buenos Aires, algunas horas antes de la veda y luego de su cierre de campa\u00f1a en La Plata.<\/p>\n<p>&nbsp;<\/p>\n<p>En tanto, a pocos minutos de las 8 de este viernes, public\u00f3 una foto con su<strong> jefe pol\u00edtico, Horacio Rodr\u00edguez Larreta<\/strong>, y el ministro de Salud porte\u00f1o, Fern\u00e1n Quir\u00f3s, con la leyenda \u201cEs Juntos\u201d.<\/p>\n<p>&nbsp;<\/p>\n<p>\u201cEste domingo decidimos si damos un salto hacia el futuro o nos volvemos a caer. <em>Si armamos la Argentina que queremos o nos dedicamos a destruir lo que tenemos. Con tu voto, Argentina avanza<\/em>. Este domingo, #TodosAVotar\u201d, escribi\u00f3 tambi\u00e9n minutos antes de que comience el periodo de restricciones, la <strong>candidata del oficialismo en la provincia de Buenos Aires, Victoria Tolosa Paz<\/strong>.<\/p>\n<p>&nbsp;<\/p>\n<p>Fuente: <em>Agencia DIB<\/em><\/p>\n","protected":false},"excerpt":{"rendered":"<p>A partir de este viernes 12 de noviembre a las 8 de la ma\u00f1ana, empez\u00f3 a regir el per\u00edodo de<\/p>\n","protected":false},"author":4,"featured_media":32366,"comment_status":"closed","ping_status":"closed","sticky":false,"template":"","format":"standard","meta":{"_jetpack_memberships_contains_paid_content":false,"footnotes":""},"categories":[6,1],"tags":[],"class_list":["post-38439","post","type-post","status-publish","format-standard","has-post-thumbnail","hentry","category-nacionales","category-portada"],"jetpack_featured_media_url":"https:\/\/i0.wp.com\/cdnoticias.com\/wp-content\/uploads\/2021\/09\/DIB-elecciones-1-696x348.jpg?fit=696%2C348&ssl=1","jetpack_sharing_enabled":true,"_links":{"self":[{"href":"https:\/\/cdnoticias.com\/index.php\/wp-json\/wp\/v2\/posts\/38439","targetHints":{"allow":["GET"]}}],"collection":[{"href":"https:\/\/cdnoticias.com\/index.php\/wp-json\/wp\/v2\/posts"}],"about":[{"href":"https:\/\/cdnoticias.com\/index.php\/wp-json\/wp\/v2\/types\/post"}],"author":[{"embeddable":true,"href":"https:\/\/cdnoticias.com\/index.php\/wp-json\/wp\/v2\/users\/4"}],"replies":[{"embeddable":true,"href":"https:\/\/cdnoticias.com\/index.php\/wp-json\/wp\/v2\/comments?post=38439"}],"version-history":[{"count":0,"href":"https:\/\/cdnoticias.com\/index.php\/wp-json\/wp\/v2\/posts\/38439\/revisions"}],"wp:featuredmedia":[{"embeddable":true,"href":"https:\/\/cdnoticias.com\/index.php\/wp-json\/wp\/v2\/media\/32366"}],"wp:attachment":[{"href":"https:\/\/cdnoticias.com\/index.php\/wp-json\/wp\/v2\/media?parent=38439"}],"wp:term":[{"taxonomy":"category","embeddable":true,"href":"https:\/\/cdnoticias.com\/index.php\/wp-json\/wp\/v2\/categories?post=38439"},{"taxonomy":"post_tag","embeddable":true,"href":"https:\/\/cdnoticias.com\/index.php\/wp-json\/wp\/v2\/tags?post=38439"}],"curies":[{"name":"wp","href":"https:\/\/api.w.org\/{rel}","templated":true}]}}