{"id":38425,"date":"2021-11-11T21:30:15","date_gmt":"2021-11-12T00:30:15","guid":{"rendered":"http:\/\/www.centraldenoticias.com.ar\/?p=38425"},"modified":"2021-11-11T21:30:15","modified_gmt":"2021-11-12T00:30:15","slug":"sergio-massa-digamosle-si-al-trabajo-y-al-crecimiento","status":"publish","type":"post","link":"https:\/\/cdnoticias.com\/index.php\/2021\/11\/11\/sergio-massa-digamosle-si-al-trabajo-y-al-crecimiento\/","title":{"rendered":"Sergio Massa: \u201cDigamosle S\u00ed al trabajo y al crecimiento\u201d"},"content":{"rendered":"<p>As\u00ed lo dijo el presidente de la C\u00e1mara de Diputados de la Naci\u00f3n, en el cierre de la campa\u00f1a del Frente de Todos.<!--more--><\/p>\n<hr \/>\n<p>El presidente de la C\u00e1mara de Diputados de la Naci\u00f3n, Sergio Massa, convoc\u00f3 a<strong> \u201cmultiplicar el crecimiento para cada argentino y argentina que est\u00e1 esperando que le devolvamos la esperanza de vivir en un pa\u00eds con igualdad de oportunidades\u201d<\/strong>.<\/p>\n<p>&nbsp;<\/p>\n<p>Al encabezar el acto de cierre de campa\u00f1a electoral del Frente de Todos en el partido bonaerense de Merlo, el titular de la C\u00e1mara baja manifest\u00f3<strong>: \u201cDigamos basta a la Argentina de la especulaci\u00f3n financiera, para decirle s\u00ed a la Argentina del trabajo\u201d.<\/strong><\/p>\n<p>&nbsp;<\/p>\n<p><img data-recalc-dims=\"1\" loading=\"lazy\" decoding=\"async\" class=\"alignnone size-large wp-image-38426\" src=\"https:\/\/i0.wp.com\/cdnoticias.com\/wp-content\/uploads\/2021\/11\/WhatsApp-Image-2021-11-11-at-21.21.34.jpeg?resize=800%2C534&#038;ssl=1\" alt=\"\" width=\"800\" height=\"534\" srcset=\"https:\/\/i0.wp.com\/cdnoticias.com\/wp-content\/uploads\/2021\/11\/WhatsApp-Image-2021-11-11-at-21.21.34.jpeg?resize=1024%2C684&amp;ssl=1 1024w, https:\/\/i0.wp.com\/cdnoticias.com\/wp-content\/uploads\/2021\/11\/WhatsApp-Image-2021-11-11-at-21.21.34.jpeg?resize=300%2C200&amp;ssl=1 300w, https:\/\/i0.wp.com\/cdnoticias.com\/wp-content\/uploads\/2021\/11\/WhatsApp-Image-2021-11-11-at-21.21.34.jpeg?resize=768%2C513&amp;ssl=1 768w, https:\/\/i0.wp.com\/cdnoticias.com\/wp-content\/uploads\/2021\/11\/WhatsApp-Image-2021-11-11-at-21.21.34.jpeg?resize=272%2C182&amp;ssl=1 272w, https:\/\/i0.wp.com\/cdnoticias.com\/wp-content\/uploads\/2021\/11\/WhatsApp-Image-2021-11-11-at-21.21.34.jpeg?w=1600&amp;ssl=1 1600w\" sizes=\"auto, (max-width: 800px) 100vw, 800px\" \/><\/p>\n<p>&nbsp;<\/p>\n<p>En ese sentido, continu\u00f3: \u201cDigamos basta a la Argentina que condena a los hijos de los trabajadores a no tener educaci\u00f3n, para decirle s\u00ed a la educaci\u00f3n p\u00fablica, gratuita, de calidad e inclusiva, <strong>dig\u00e1mosle basta a aquellos gobiernos que usan la deuda para pagarle a los bancos, dig\u00e1mosle s\u00ed a la Argentina que usa la deuda para construir trabajo y desarrollo\u201d.<\/strong><\/p>\n<p>&nbsp;<\/p>\n<p><strong>\u201cEl domingo los argentinos van a volver a consolidarnos como la primera minor\u00eda del Congreso, van a ir a votar por el futuro y en contra del pasado, nos van a dar la oportunidad de tener un presidente que pueda gobernar sin pandemia para cumplir ese compromiso que asumimos en diciembre de 2019\u201d<\/strong>, dijo Massa en compa\u00f1\u00eda del presidente Alberto Fern\u00e1ndez y la vicepresidenta Cristina Fern\u00e1ndez.<\/p>\n","protected":false},"excerpt":{"rendered":"<p>As\u00ed lo dijo el presidente de la C\u00e1mara de Diputados de la Naci\u00f3n, en el cierre de la campa\u00f1a del<\/p>\n","protected":false},"author":3,"featured_media":38427,"comment_status":"closed","ping_status":"closed","sticky":false,"template":"","format":"standard","meta":{"_jetpack_memberships_contains_paid_content":false,"footnotes":""},"categories":[6,1],"tags":[],"class_list":["post-38425","post","type-post","status-publish","format-standard","has-post-thumbnail","hentry","category-nacionales","category-portada"],"jetpack_featured_media_url":"https:\/\/i0.wp.com\/cdnoticias.com\/wp-content\/uploads\/2021\/11\/WhatsApp-Image-2021-11-11-at-21.21.35.jpeg?fit=1600%2C1066&ssl=1","jetpack_sharing_enabled":true,"_links":{"self":[{"href":"https:\/\/cdnoticias.com\/index.php\/wp-json\/wp\/v2\/posts\/38425","targetHints":{"allow":["GET"]}}],"collection":[{"href":"https:\/\/cdnoticias.com\/index.php\/wp-json\/wp\/v2\/posts"}],"about":[{"href":"https:\/\/cdnoticias.com\/index.php\/wp-json\/wp\/v2\/types\/post"}],"author":[{"embeddable":true,"href":"https:\/\/cdnoticias.com\/index.php\/wp-json\/wp\/v2\/users\/3"}],"replies":[{"embeddable":true,"href":"https:\/\/cdnoticias.com\/index.php\/wp-json\/wp\/v2\/comments?post=38425"}],"version-history":[{"count":0,"href":"https:\/\/cdnoticias.com\/index.php\/wp-json\/wp\/v2\/posts\/38425\/revisions"}],"wp:featuredmedia":[{"embeddable":true,"href":"https:\/\/cdnoticias.com\/index.php\/wp-json\/wp\/v2\/media\/38427"}],"wp:attachment":[{"href":"https:\/\/cdnoticias.com\/index.php\/wp-json\/wp\/v2\/media?parent=38425"}],"wp:term":[{"taxonomy":"category","embeddable":true,"href":"https:\/\/cdnoticias.com\/index.php\/wp-json\/wp\/v2\/categories?post=38425"},{"taxonomy":"post_tag","embeddable":true,"href":"https:\/\/cdnoticias.com\/index.php\/wp-json\/wp\/v2\/tags?post=38425"}],"curies":[{"name":"wp","href":"https:\/\/api.w.org\/{rel}","templated":true}]}}